{"id":144566,"date":"2021-01-21T14:15:54","date_gmt":"2021-01-21T14:15:54","guid":{"rendered":"https:\/\/www.fluid-spirit.ch\/marche-officielle-des-droits-des-animaux-2019-a-zuerich\/"},"modified":"2021-01-21T14:19:05","modified_gmt":"2021-01-21T14:19:05","slug":"marche-officielle-des-droits-des-animaux-2019-a-zuerich","status":"publish","type":"post","link":"https:\/\/www.fluid-spirit.ch\/fr\/marche-officielle-des-droits-des-animaux-2019-a-zuerich\/","title":{"rendered":"Marche officielle des droits des animaux 2019 \u00e0 Z\u00fcrich"},"content":{"rendered":"\n<p>Aujourd\u2019hui, nous \u00e9tions \u00e0 la premi\u00e8re marche officielle des droits des animaux 2019 \u00e0 Zurich. C\u2019\u00e9tait particuli\u00e8rement beau de passer la journ\u00e9e si paisiblement avec tant de v\u00e9g\u00e9taliens. Je souhaite de tout mon c\u0153ur que se sentiment de communaut\u00e9 va s\u2019\u00e9tendre au monde entier. Un grand merci aux personnes qu\u2019il ont organis\u00e9 et \u00e0 tous ceux qui sont venus.<\/p>\n\n\n\n<p>Danielle H. Jolissaint, 17 ao\u00fbt 2019<\/p>\n\n\n\n<figure class=\"wp-block-gallery columns-3 is-cropped has-lightbox wp-block-gallery-1 is-layout-flex wp-block-gallery-is-layout-flex\"><ul class=\"blocks-gallery-grid\"><li class=\"blocks-gallery-item\"><figure><img loading=\"lazy\" decoding=\"async\" width=\"629\" height=\"1024\" src=\"https:\/\/www.fluid-spirit.ch\/wp-content\/uploads\/2020\/12\/01_official_animal_rights_march_2019_zurich.jpg\" alt=\"\" data-id=\"142426\" data-full-url=\"https:\/\/www.fluid-spirit.ch\/wp-content\/uploads\/2020\/12\/01_official_animal_rights_march_2019_zurich.jpg\" data-link=\"https:\/\/www.fluid-spirit.ch\/2019\/08\/17\/official-animal-rights-march-2019-in-zuerich\/01_official_animal_rights_march_2019_zurich\/\" class=\"wp-image-144568\" srcset=\"https:\/\/www.fluid-spirit.ch\/wp-content\/uploads\/2020\/12\/01_official_animal_rights_march_2019_zurich.jpg 629w, https:\/\/www.fluid-spirit.ch\/wp-content\/uploads\/2020\/12\/01_official_animal_rights_march_2019_zurich-184x300.jpg 184w\" sizes=\"auto, (max-width: 629px) 100vw, 629px\" \/><\/figure><\/li><li class=\"blocks-gallery-item\"><figure><img loading=\"lazy\" decoding=\"async\" width=\"1024\" height=\"680\" src=\"https:\/\/www.fluid-spirit.ch\/wp-content\/uploads\/2020\/12\/02_official_animal_rights_march_2019_zurich.jpg\" alt=\"\" data-id=\"142425\" data-full-url=\"https:\/\/www.fluid-spirit.ch\/wp-content\/uploads\/2020\/12\/02_official_animal_rights_march_2019_zurich.jpg\" data-link=\"https:\/\/www.fluid-spirit.ch\/2019\/08\/17\/official-animal-rights-march-2019-in-zuerich\/02_official_animal_rights_march_2019_zurich\/\" class=\"wp-image-144571\" srcset=\"https:\/\/www.fluid-spirit.ch\/wp-content\/uploads\/2020\/12\/02_official_animal_rights_march_2019_zurich.jpg 1024w, https:\/\/www.fluid-spirit.ch\/wp-content\/uploads\/2020\/12\/02_official_animal_rights_march_2019_zurich-300x199.jpg 300w, https:\/\/www.fluid-spirit.ch\/wp-content\/uploads\/2020\/12\/02_official_animal_rights_march_2019_zurich-768x510.jpg 768w\" sizes=\"auto, (max-width: 1024px) 100vw, 1024px\" \/><\/figure><\/li><li class=\"blocks-gallery-item\"><figure><img loading=\"lazy\" decoding=\"async\" width=\"1024\" height=\"1001\" src=\"https:\/\/www.fluid-spirit.ch\/wp-content\/uploads\/2020\/12\/03_official_animal_rights_march_2019_zurich.jpg\" alt=\"\" data-id=\"142424\" data-full-url=\"https:\/\/www.fluid-spirit.ch\/wp-content\/uploads\/2020\/12\/03_official_animal_rights_march_2019_zurich.jpg\" data-link=\"https:\/\/www.fluid-spirit.ch\/2019\/08\/17\/official-animal-rights-march-2019-in-zuerich\/03_official_animal_rights_march_2019_zurich\/\" class=\"wp-image-144574\" srcset=\"https:\/\/www.fluid-spirit.ch\/wp-content\/uploads\/2020\/12\/03_official_animal_rights_march_2019_zurich.jpg 1024w, https:\/\/www.fluid-spirit.ch\/wp-content\/uploads\/2020\/12\/03_official_animal_rights_march_2019_zurich-300x293.jpg 300w, https:\/\/www.fluid-spirit.ch\/wp-content\/uploads\/2020\/12\/03_official_animal_rights_march_2019_zurich-768x751.jpg 768w\" sizes=\"auto, (max-width: 1024px) 100vw, 1024px\" \/><\/figure><\/li><li class=\"blocks-gallery-item\"><figure><img loading=\"lazy\" decoding=\"async\" width=\"1024\" height=\"811\" src=\"https:\/\/www.fluid-spirit.ch\/wp-content\/uploads\/2020\/12\/04_official_animal_rights_march_2019_zurich.jpg\" alt=\"\" data-id=\"142423\" data-full-url=\"https:\/\/www.fluid-spirit.ch\/wp-content\/uploads\/2020\/12\/04_official_animal_rights_march_2019_zurich.jpg\" data-link=\"https:\/\/www.fluid-spirit.ch\/2019\/08\/17\/official-animal-rights-march-2019-in-zuerich\/04_official_animal_rights_march_2019_zurich\/\" class=\"wp-image-144577\" srcset=\"https:\/\/www.fluid-spirit.ch\/wp-content\/uploads\/2020\/12\/04_official_animal_rights_march_2019_zurich.jpg 1024w, https:\/\/www.fluid-spirit.ch\/wp-content\/uploads\/2020\/12\/04_official_animal_rights_march_2019_zurich-300x238.jpg 300w, https:\/\/www.fluid-spirit.ch\/wp-content\/uploads\/2020\/12\/04_official_animal_rights_march_2019_zurich-768x608.jpg 768w\" sizes=\"auto, (max-width: 1024px) 100vw, 1024px\" \/><\/figure><\/li><li class=\"blocks-gallery-item\"><figure><img loading=\"lazy\" decoding=\"async\" width=\"1024\" height=\"1011\" src=\"https:\/\/www.fluid-spirit.ch\/wp-content\/uploads\/2020\/12\/05_official_animal_rights_march_2019_zurich.jpg\" alt=\"\" data-id=\"142422\" data-full-url=\"https:\/\/www.fluid-spirit.ch\/wp-content\/uploads\/2020\/12\/05_official_animal_rights_march_2019_zurich.jpg\" data-link=\"https:\/\/www.fluid-spirit.ch\/2019\/08\/17\/official-animal-rights-march-2019-in-zuerich\/05_official_animal_rights_march_2019_zurich\/\" class=\"wp-image-144580\" srcset=\"https:\/\/www.fluid-spirit.ch\/wp-content\/uploads\/2020\/12\/05_official_animal_rights_march_2019_zurich.jpg 1024w, https:\/\/www.fluid-spirit.ch\/wp-content\/uploads\/2020\/12\/05_official_animal_rights_march_2019_zurich-300x296.jpg 300w, https:\/\/www.fluid-spirit.ch\/wp-content\/uploads\/2020\/12\/05_official_animal_rights_march_2019_zurich-768x758.jpg 768w\" sizes=\"auto, (max-width: 1024px) 100vw, 1024px\" \/><\/figure><\/li><li class=\"blocks-gallery-item\"><figure><img loading=\"lazy\" decoding=\"async\" width=\"1024\" height=\"680\" src=\"https:\/\/www.fluid-spirit.ch\/wp-content\/uploads\/2020\/12\/06_official_animal_rights_march_2019_zurich.jpg\" alt=\"\" data-id=\"142421\" data-full-url=\"https:\/\/www.fluid-spirit.ch\/wp-content\/uploads\/2020\/12\/06_official_animal_rights_march_2019_zurich.jpg\" data-link=\"https:\/\/www.fluid-spirit.ch\/2019\/08\/17\/official-animal-rights-march-2019-in-zuerich\/06_official_animal_rights_march_2019_zurich\/\" class=\"wp-image-144583\" srcset=\"https:\/\/www.fluid-spirit.ch\/wp-content\/uploads\/2020\/12\/06_official_animal_rights_march_2019_zurich.jpg 1024w, https:\/\/www.fluid-spirit.ch\/wp-content\/uploads\/2020\/12\/06_official_animal_rights_march_2019_zurich-300x199.jpg 300w, https:\/\/www.fluid-spirit.ch\/wp-content\/uploads\/2020\/12\/06_official_animal_rights_march_2019_zurich-768x510.jpg 768w\" sizes=\"auto, (max-width: 1024px) 100vw, 1024px\" \/><\/figure><\/li><li class=\"blocks-gallery-item\"><figure><img loading=\"lazy\" decoding=\"async\" width=\"1024\" height=\"680\" src=\"https:\/\/www.fluid-spirit.ch\/wp-content\/uploads\/2020\/12\/07_official_animal_rights_march_2019_zurich.jpg\" alt=\"\" data-id=\"142420\" data-full-url=\"https:\/\/www.fluid-spirit.ch\/wp-content\/uploads\/2020\/12\/07_official_animal_rights_march_2019_zurich.jpg\" data-link=\"https:\/\/www.fluid-spirit.ch\/2019\/08\/17\/official-animal-rights-march-2019-in-zuerich\/07_official_animal_rights_march_2019_zurich\/\" class=\"wp-image-144586\" srcset=\"https:\/\/www.fluid-spirit.ch\/wp-content\/uploads\/2020\/12\/07_official_animal_rights_march_2019_zurich.jpg 1024w, https:\/\/www.fluid-spirit.ch\/wp-content\/uploads\/2020\/12\/07_official_animal_rights_march_2019_zurich-300x199.jpg 300w, https:\/\/www.fluid-spirit.ch\/wp-content\/uploads\/2020\/12\/07_official_animal_rights_march_2019_zurich-768x510.jpg 768w\" sizes=\"auto, (max-width: 1024px) 100vw, 1024px\" \/><\/figure><\/li><li class=\"blocks-gallery-item\"><figure><img loading=\"lazy\" decoding=\"async\" width=\"1024\" height=\"680\" src=\"https:\/\/www.fluid-spirit.ch\/wp-content\/uploads\/2020\/12\/08_official_animal_rights_march_2019_zurich.jpg\" alt=\"\" data-id=\"142419\" data-full-url=\"https:\/\/www.fluid-spirit.ch\/wp-content\/uploads\/2020\/12\/08_official_animal_rights_march_2019_zurich.jpg\" data-link=\"https:\/\/www.fluid-spirit.ch\/2019\/08\/17\/official-animal-rights-march-2019-in-zuerich\/08_official_animal_rights_march_2019_zurich\/\" class=\"wp-image-144589\" srcset=\"https:\/\/www.fluid-spirit.ch\/wp-content\/uploads\/2020\/12\/08_official_animal_rights_march_2019_zurich.jpg 1024w, https:\/\/www.fluid-spirit.ch\/wp-content\/uploads\/2020\/12\/08_official_animal_rights_march_2019_zurich-300x199.jpg 300w, https:\/\/www.fluid-spirit.ch\/wp-content\/uploads\/2020\/12\/08_official_animal_rights_march_2019_zurich-768x510.jpg 768w\" sizes=\"auto, (max-width: 1024px) 100vw, 1024px\" \/><\/figure><\/li><li class=\"blocks-gallery-item\"><figure><img loading=\"lazy\" decoding=\"async\" width=\"1024\" height=\"680\" src=\"https:\/\/www.fluid-spirit.ch\/wp-content\/uploads\/2020\/12\/09_official_animal_rights_march_2019_zurich.jpg\" alt=\"\" data-id=\"142418\" data-full-url=\"https:\/\/www.fluid-spirit.ch\/wp-content\/uploads\/2020\/12\/09_official_animal_rights_march_2019_zurich.jpg\" data-link=\"https:\/\/www.fluid-spirit.ch\/2019\/08\/17\/official-animal-rights-march-2019-in-zuerich\/09_official_animal_rights_march_2019_zurich\/\" class=\"wp-image-144592\" srcset=\"https:\/\/www.fluid-spirit.ch\/wp-content\/uploads\/2020\/12\/09_official_animal_rights_march_2019_zurich.jpg 1024w, https:\/\/www.fluid-spirit.ch\/wp-content\/uploads\/2020\/12\/09_official_animal_rights_march_2019_zurich-300x199.jpg 300w, https:\/\/www.fluid-spirit.ch\/wp-content\/uploads\/2020\/12\/09_official_animal_rights_march_2019_zurich-768x510.jpg 768w\" sizes=\"auto, (max-width: 1024px) 100vw, 1024px\" \/><\/figure><\/li><\/ul><\/figure>\n","protected":false},"excerpt":{"rendered":"<p>Aujourd\u2019hui, nous \u00e9tions \u00e0 la premi\u00e8re marche officielle des droits des animaux 2019 \u00e0 Zurich. C\u2019\u00e9tait particuli\u00e8rement beau de passer la journ\u00e9e si paisiblement avec tant de v\u00e9g\u00e9taliens. Je souhaite de tout mon c\u0153ur que se sentiment de communaut\u00e9 va s\u2019\u00e9tendre au monde entier. Un grand merci aux personnes qu\u2019il ont organis\u00e9 et \u00e0 tous [&hellip;]<\/p>\n","protected":false},"author":4,"featured_media":144571,"comment_status":"closed","ping_status":"closed","sticky":false,"template":"","format":"standard","meta":{"_coblocks_attr":"","_coblocks_dimensions":"","_coblocks_responsive_height":"","_coblocks_accordion_ie_support":"","_uag_custom_page_level_css":"","site-sidebar-layout":"default","site-content-layout":"default","ast-site-content-layout":"default","site-content-style":"default","site-sidebar-style":"default","ast-global-header-display":"","ast-banner-title-visibility":"","ast-main-header-display":"","ast-hfb-above-header-display":"","ast-hfb-below-header-display":"","ast-hfb-mobile-header-display":"","site-post-title":"","ast-breadcrumbs-content":"","ast-featured-img":"","footer-sml-layout":"","theme-transparent-header-meta":"default","adv-header-id-meta":"","stick-header-meta":"default","header-above-stick-meta":"","header-main-stick-meta":"","header-below-stick-meta":"","astra-migrate-meta-layouts":"default","ast-page-background-enabled":"default","ast-page-background-meta":{"desktop":{"background-color":"","background-image":"","background-repeat":"repeat","background-position":"center center","background-size":"auto","background-attachment":"scroll","background-type":"","background-media":"","overlay-type":"","overlay-color":"","overlay-opacity":"","overlay-gradient":""},"tablet":{"background-color":"","background-image":"","background-repeat":"repeat","background-position":"center center","background-size":"auto","background-attachment":"scroll","background-type":"","background-media":"","overlay-type":"","overlay-color":"","overlay-opacity":"","overlay-gradient":""},"mobile":{"background-color":"","background-image":"","background-repeat":"repeat","background-position":"center center","background-size":"auto","background-attachment":"scroll","background-type":"","background-media":"","overlay-type":"","overlay-color":"","overlay-opacity":"","overlay-gradient":""}},"ast-content-background-meta":{"desktop":{"background-color":"var(--ast-global-color-5)","background-image":"","background-repeat":"repeat","background-position":"center center","background-size":"auto","background-attachment":"scroll","background-type":"","background-media":"","overlay-type":"","overlay-color":"","overlay-opacity":"","overlay-gradient":""},"tablet":{"background-color":"var(--ast-global-color-5)","background-image":"","background-repeat":"repeat","background-position":"center center","background-size":"auto","background-attachment":"scroll","background-type":"","background-media":"","overlay-type":"","overlay-color":"","overlay-opacity":"","overlay-gradient":""},"mobile":{"background-color":"var(--ast-global-color-5)","background-image":"","background-repeat":"repeat","background-position":"center center","background-size":"auto","background-attachment":"scroll","background-type":"","background-media":"","overlay-type":"","overlay-color":"","overlay-opacity":"","overlay-gradient":""}},"footnotes":""},"categories":[304,305],"tags":[],"class_list":["post-144566","post","type-post","status-publish","format-standard","has-post-thumbnail","hentry","category-general-fr","category-reconciliation-of-humans-and-animals-fr"],"yoast_head":"<!-- This site is optimized with the Yoast SEO plugin v26.4 - https:\/\/yoast.com\/wordpress\/plugins\/seo\/ -->\r\n<title>Marche officielle des droits des animaux 2019 \u00e0 Z\u00fcrich | Fluid Spirit | In der Wirklichkeit zu Hause<\/title>\r\n<meta name=\"robots\" content=\"index, follow, max-snippet:-1, max-image-preview:large, max-video-preview:-1\" \/>\r\n<link rel=\"canonical\" href=\"https:\/\/www.fluid-spirit.ch\/fr\/marche-officielle-des-droits-des-animaux-2019-a-zuerich\/\" \/>\r\n<meta property=\"og:locale\" content=\"fr_FR\" \/>\r\n<meta property=\"og:type\" content=\"article\" \/>\r\n<meta property=\"og:title\" content=\"Marche officielle des droits des animaux 2019 \u00e0 Z\u00fcrich | Fluid Spirit | In der Wirklichkeit zu Hause\" \/>\r\n<meta property=\"og:description\" content=\"Aujourd\u2019hui, nous \u00e9tions \u00e0 la premi\u00e8re marche officielle des droits des animaux 2019 \u00e0 Zurich. C\u2019\u00e9tait particuli\u00e8rement beau de passer la journ\u00e9e si paisiblement avec tant de v\u00e9g\u00e9taliens. Je souhaite de tout mon c\u0153ur que se sentiment de communaut\u00e9 va s\u2019\u00e9tendre au monde entier. Un grand merci aux personnes qu\u2019il ont organis\u00e9 et \u00e0 tous [&hellip;]\" \/>\r\n<meta property=\"og:url\" content=\"https:\/\/www.fluid-spirit.ch\/fr\/marche-officielle-des-droits-des-animaux-2019-a-zuerich\/\" \/>\r\n<meta property=\"og:site_name\" content=\"Fluid Spirit | In der Wirklichkeit zu Hause\" \/>\r\n<meta property=\"article:published_time\" content=\"2021-01-21T14:15:54+00:00\" \/>\r\n<meta property=\"article:modified_time\" content=\"2021-01-21T14:19:05+00:00\" \/>\r\n<meta property=\"og:image\" content=\"https:\/\/www.fluid-spirit.ch\/wp-content\/uploads\/2020\/12\/02_official_animal_rights_march_2019_zurich.jpg\" \/>\r\n\t<meta property=\"og:image:width\" content=\"1024\" \/>\r\n\t<meta property=\"og:image:height\" content=\"680\" \/>\r\n\t<meta property=\"og:image:type\" content=\"image\/jpeg\" \/>\r\n<meta name=\"author\" content=\"Danielle H. Jolissaint\" \/>\r\n<meta name=\"twitter:card\" content=\"summary_large_image\" \/>\r\n<meta name=\"twitter:label1\" content=\"\u00c9crit par\" \/>\n\t<meta name=\"twitter:data1\" content=\"Danielle H. Jolissaint\" \/>\r\n<script type=\"application\/ld+json\" class=\"yoast-schema-graph\">{\"@context\":\"https:\/\/schema.org\",\"@graph\":[{\"@type\":\"Article\",\"@id\":\"https:\/\/www.fluid-spirit.ch\/fr\/marche-officielle-des-droits-des-animaux-2019-a-zuerich\/#article\",\"isPartOf\":{\"@id\":\"https:\/\/www.fluid-spirit.ch\/fr\/marche-officielle-des-droits-des-animaux-2019-a-zuerich\/\"},\"author\":{\"name\":\"Danielle H. Jolissaint\",\"@id\":\"https:\/\/www.fluid-spirit.ch\/#\/schema\/person\/ba1e5bc6308c54a0e911c79e844e9579\"},\"headline\":\"Marche officielle des droits des animaux 2019 \u00e0 Z\u00fcrich\",\"datePublished\":\"2021-01-21T14:15:54+00:00\",\"dateModified\":\"2021-01-21T14:19:05+00:00\",\"mainEntityOfPage\":{\"@id\":\"https:\/\/www.fluid-spirit.ch\/fr\/marche-officielle-des-droits-des-animaux-2019-a-zuerich\/\"},\"wordCount\":78,\"publisher\":{\"@id\":\"https:\/\/www.fluid-spirit.ch\/#organization\"},\"image\":{\"@id\":\"https:\/\/www.fluid-spirit.ch\/fr\/marche-officielle-des-droits-des-animaux-2019-a-zuerich\/#primaryimage\"},\"thumbnailUrl\":\"https:\/\/www.fluid-spirit.ch\/wp-content\/uploads\/2020\/12\/02_official_animal_rights_march_2019_zurich.jpg\",\"articleSection\":[\"General\",\"R\u00e9conciliation entre l'homme et l'animal\"],\"inLanguage\":\"fr-FR\"},{\"@type\":\"WebPage\",\"@id\":\"https:\/\/www.fluid-spirit.ch\/fr\/marche-officielle-des-droits-des-animaux-2019-a-zuerich\/\",\"url\":\"https:\/\/www.fluid-spirit.ch\/fr\/marche-officielle-des-droits-des-animaux-2019-a-zuerich\/\",\"name\":\"Marche officielle des droits des animaux 2019 \u00e0 Z\u00fcrich | Fluid Spirit | In der Wirklichkeit zu Hause\",\"isPartOf\":{\"@id\":\"https:\/\/www.fluid-spirit.ch\/#website\"},\"primaryImageOfPage\":{\"@id\":\"https:\/\/www.fluid-spirit.ch\/fr\/marche-officielle-des-droits-des-animaux-2019-a-zuerich\/#primaryimage\"},\"image\":{\"@id\":\"https:\/\/www.fluid-spirit.ch\/fr\/marche-officielle-des-droits-des-animaux-2019-a-zuerich\/#primaryimage\"},\"thumbnailUrl\":\"https:\/\/www.fluid-spirit.ch\/wp-content\/uploads\/2020\/12\/02_official_animal_rights_march_2019_zurich.jpg\",\"datePublished\":\"2021-01-21T14:15:54+00:00\",\"dateModified\":\"2021-01-21T14:19:05+00:00\",\"breadcrumb\":{\"@id\":\"https:\/\/www.fluid-spirit.ch\/fr\/marche-officielle-des-droits-des-animaux-2019-a-zuerich\/#breadcrumb\"},\"inLanguage\":\"fr-FR\",\"potentialAction\":[{\"@type\":\"ReadAction\",\"target\":[\"https:\/\/www.fluid-spirit.ch\/fr\/marche-officielle-des-droits-des-animaux-2019-a-zuerich\/\"]}]},{\"@type\":\"ImageObject\",\"inLanguage\":\"fr-FR\",\"@id\":\"https:\/\/www.fluid-spirit.ch\/fr\/marche-officielle-des-droits-des-animaux-2019-a-zuerich\/#primaryimage\",\"url\":\"https:\/\/www.fluid-spirit.ch\/wp-content\/uploads\/2020\/12\/02_official_animal_rights_march_2019_zurich.jpg\",\"contentUrl\":\"https:\/\/www.fluid-spirit.ch\/wp-content\/uploads\/2020\/12\/02_official_animal_rights_march_2019_zurich.jpg\",\"width\":1024,\"height\":680},{\"@type\":\"BreadcrumbList\",\"@id\":\"https:\/\/www.fluid-spirit.ch\/fr\/marche-officielle-des-droits-des-animaux-2019-a-zuerich\/#breadcrumb\",\"itemListElement\":[{\"@type\":\"ListItem\",\"position\":1,\"name\":\"Startseite\",\"item\":\"https:\/\/www.fluid-spirit.ch\/fr\/\"},{\"@type\":\"ListItem\",\"position\":2,\"name\":\"Marche officielle des droits des animaux 2019 \u00e0 Z\u00fcrich\"}]},{\"@type\":\"WebSite\",\"@id\":\"https:\/\/www.fluid-spirit.ch\/#website\",\"url\":\"https:\/\/www.fluid-spirit.ch\/\",\"name\":\"Fluid Spirit | In der Wirklichkeit zu Hause\",\"description\":\"Ganzheitliche und spirituelle Entwicklung\",\"publisher\":{\"@id\":\"https:\/\/www.fluid-spirit.ch\/#organization\"},\"potentialAction\":[{\"@type\":\"SearchAction\",\"target\":{\"@type\":\"EntryPoint\",\"urlTemplate\":\"https:\/\/www.fluid-spirit.ch\/?s={search_term_string}\"},\"query-input\":{\"@type\":\"PropertyValueSpecification\",\"valueRequired\":true,\"valueName\":\"search_term_string\"}}],\"inLanguage\":\"fr-FR\"},{\"@type\":\"Organization\",\"@id\":\"https:\/\/www.fluid-spirit.ch\/#organization\",\"name\":\"Fluid Spirit | In der Wirklichkeit zu Hause\",\"url\":\"https:\/\/www.fluid-spirit.ch\/\",\"logo\":{\"@type\":\"ImageObject\",\"inLanguage\":\"fr-FR\",\"@id\":\"https:\/\/www.fluid-spirit.ch\/#\/schema\/logo\/image\/\",\"url\":\"https:\/\/www.fluid-spirit.ch\/wp-content\/uploads\/2020\/09\/kunstkarte_herz_schlafzimmer_neu.jpg\",\"contentUrl\":\"https:\/\/www.fluid-spirit.ch\/wp-content\/uploads\/2020\/09\/kunstkarte_herz_schlafzimmer_neu.jpg\",\"width\":1920,\"height\":1522,\"caption\":\"Fluid Spirit | In der Wirklichkeit zu Hause\"},\"image\":{\"@id\":\"https:\/\/www.fluid-spirit.ch\/#\/schema\/logo\/image\/\"},\"sameAs\":[\"https:\/\/www.youtube.com\/channel\/UCLp9T8eTxYZytG7s5RhKwnQ\"]},{\"@type\":\"Person\",\"@id\":\"https:\/\/www.fluid-spirit.ch\/#\/schema\/person\/ba1e5bc6308c54a0e911c79e844e9579\",\"name\":\"Danielle H. Jolissaint\",\"image\":{\"@type\":\"ImageObject\",\"inLanguage\":\"fr-FR\",\"@id\":\"https:\/\/www.fluid-spirit.ch\/#\/schema\/person\/image\/\",\"url\":\"https:\/\/secure.gravatar.com\/avatar\/98555a8573509b393be07b086d62dc09afc17f7b75f7df52b767e0330aa33ef3?s=96&d=mm&r=g\",\"contentUrl\":\"https:\/\/secure.gravatar.com\/avatar\/98555a8573509b393be07b086d62dc09afc17f7b75f7df52b767e0330aa33ef3?s=96&d=mm&r=g\",\"caption\":\"Danielle H. Jolissaint\"},\"sameAs\":[\"http:\/\/www.fluid-spirit.ch\"],\"url\":\"https:\/\/www.fluid-spirit.ch\/fr\/author\/daniellejolissaint\/\"}]}<\/script>\r\n<!-- \/ Yoast SEO plugin. -->","yoast_head_json":{"title":"Marche officielle des droits des animaux 2019 \u00e0 Z\u00fcrich | Fluid Spirit | In der Wirklichkeit zu Hause","robots":{"index":"index","follow":"follow","max-snippet":"max-snippet:-1","max-image-preview":"max-image-preview:large","max-video-preview":"max-video-preview:-1"},"canonical":"https:\/\/www.fluid-spirit.ch\/fr\/marche-officielle-des-droits-des-animaux-2019-a-zuerich\/","og_locale":"fr_FR","og_type":"article","og_title":"Marche officielle des droits des animaux 2019 \u00e0 Z\u00fcrich | Fluid Spirit | In der Wirklichkeit zu Hause","og_description":"Aujourd\u2019hui, nous \u00e9tions \u00e0 la premi\u00e8re marche officielle des droits des animaux 2019 \u00e0 Zurich. C\u2019\u00e9tait particuli\u00e8rement beau de passer la journ\u00e9e si paisiblement avec tant de v\u00e9g\u00e9taliens. Je souhaite de tout mon c\u0153ur que se sentiment de communaut\u00e9 va s\u2019\u00e9tendre au monde entier. Un grand merci aux personnes qu\u2019il ont organis\u00e9 et \u00e0 tous [&hellip;]","og_url":"https:\/\/www.fluid-spirit.ch\/fr\/marche-officielle-des-droits-des-animaux-2019-a-zuerich\/","og_site_name":"Fluid Spirit | In der Wirklichkeit zu Hause","article_published_time":"2021-01-21T14:15:54+00:00","article_modified_time":"2021-01-21T14:19:05+00:00","og_image":[{"width":1024,"height":680,"url":"https:\/\/www.fluid-spirit.ch\/wp-content\/uploads\/2020\/12\/02_official_animal_rights_march_2019_zurich.jpg","type":"image\/jpeg"}],"author":"Danielle H. Jolissaint","twitter_card":"summary_large_image","twitter_misc":{"\u00c9crit par":"Danielle H. Jolissaint"},"schema":{"@context":"https:\/\/schema.org","@graph":[{"@type":"Article","@id":"https:\/\/www.fluid-spirit.ch\/fr\/marche-officielle-des-droits-des-animaux-2019-a-zuerich\/#article","isPartOf":{"@id":"https:\/\/www.fluid-spirit.ch\/fr\/marche-officielle-des-droits-des-animaux-2019-a-zuerich\/"},"author":{"name":"Danielle H. Jolissaint","@id":"https:\/\/www.fluid-spirit.ch\/#\/schema\/person\/ba1e5bc6308c54a0e911c79e844e9579"},"headline":"Marche officielle des droits des animaux 2019 \u00e0 Z\u00fcrich","datePublished":"2021-01-21T14:15:54+00:00","dateModified":"2021-01-21T14:19:05+00:00","mainEntityOfPage":{"@id":"https:\/\/www.fluid-spirit.ch\/fr\/marche-officielle-des-droits-des-animaux-2019-a-zuerich\/"},"wordCount":78,"publisher":{"@id":"https:\/\/www.fluid-spirit.ch\/#organization"},"image":{"@id":"https:\/\/www.fluid-spirit.ch\/fr\/marche-officielle-des-droits-des-animaux-2019-a-zuerich\/#primaryimage"},"thumbnailUrl":"https:\/\/www.fluid-spirit.ch\/wp-content\/uploads\/2020\/12\/02_official_animal_rights_march_2019_zurich.jpg","articleSection":["General","R\u00e9conciliation entre l'homme et l'animal"],"inLanguage":"fr-FR"},{"@type":"WebPage","@id":"https:\/\/www.fluid-spirit.ch\/fr\/marche-officielle-des-droits-des-animaux-2019-a-zuerich\/","url":"https:\/\/www.fluid-spirit.ch\/fr\/marche-officielle-des-droits-des-animaux-2019-a-zuerich\/","name":"Marche officielle des droits des animaux 2019 \u00e0 Z\u00fcrich | Fluid Spirit | In der Wirklichkeit zu Hause","isPartOf":{"@id":"https:\/\/www.fluid-spirit.ch\/#website"},"primaryImageOfPage":{"@id":"https:\/\/www.fluid-spirit.ch\/fr\/marche-officielle-des-droits-des-animaux-2019-a-zuerich\/#primaryimage"},"image":{"@id":"https:\/\/www.fluid-spirit.ch\/fr\/marche-officielle-des-droits-des-animaux-2019-a-zuerich\/#primaryimage"},"thumbnailUrl":"https:\/\/www.fluid-spirit.ch\/wp-content\/uploads\/2020\/12\/02_official_animal_rights_march_2019_zurich.jpg","datePublished":"2021-01-21T14:15:54+00:00","dateModified":"2021-01-21T14:19:05+00:00","breadcrumb":{"@id":"https:\/\/www.fluid-spirit.ch\/fr\/marche-officielle-des-droits-des-animaux-2019-a-zuerich\/#breadcrumb"},"inLanguage":"fr-FR","potentialAction":[{"@type":"ReadAction","target":["https:\/\/www.fluid-spirit.ch\/fr\/marche-officielle-des-droits-des-animaux-2019-a-zuerich\/"]}]},{"@type":"ImageObject","inLanguage":"fr-FR","@id":"https:\/\/www.fluid-spirit.ch\/fr\/marche-officielle-des-droits-des-animaux-2019-a-zuerich\/#primaryimage","url":"https:\/\/www.fluid-spirit.ch\/wp-content\/uploads\/2020\/12\/02_official_animal_rights_march_2019_zurich.jpg","contentUrl":"https:\/\/www.fluid-spirit.ch\/wp-content\/uploads\/2020\/12\/02_official_animal_rights_march_2019_zurich.jpg","width":1024,"height":680},{"@type":"BreadcrumbList","@id":"https:\/\/www.fluid-spirit.ch\/fr\/marche-officielle-des-droits-des-animaux-2019-a-zuerich\/#breadcrumb","itemListElement":[{"@type":"ListItem","position":1,"name":"Startseite","item":"https:\/\/www.fluid-spirit.ch\/fr\/"},{"@type":"ListItem","position":2,"name":"Marche officielle des droits des animaux 2019 \u00e0 Z\u00fcrich"}]},{"@type":"WebSite","@id":"https:\/\/www.fluid-spirit.ch\/#website","url":"https:\/\/www.fluid-spirit.ch\/","name":"Fluid Spirit | In der Wirklichkeit zu Hause","description":"Ganzheitliche und spirituelle Entwicklung","publisher":{"@id":"https:\/\/www.fluid-spirit.ch\/#organization"},"potentialAction":[{"@type":"SearchAction","target":{"@type":"EntryPoint","urlTemplate":"https:\/\/www.fluid-spirit.ch\/?s={search_term_string}"},"query-input":{"@type":"PropertyValueSpecification","valueRequired":true,"valueName":"search_term_string"}}],"inLanguage":"fr-FR"},{"@type":"Organization","@id":"https:\/\/www.fluid-spirit.ch\/#organization","name":"Fluid Spirit | In der Wirklichkeit zu Hause","url":"https:\/\/www.fluid-spirit.ch\/","logo":{"@type":"ImageObject","inLanguage":"fr-FR","@id":"https:\/\/www.fluid-spirit.ch\/#\/schema\/logo\/image\/","url":"https:\/\/www.fluid-spirit.ch\/wp-content\/uploads\/2020\/09\/kunstkarte_herz_schlafzimmer_neu.jpg","contentUrl":"https:\/\/www.fluid-spirit.ch\/wp-content\/uploads\/2020\/09\/kunstkarte_herz_schlafzimmer_neu.jpg","width":1920,"height":1522,"caption":"Fluid Spirit | In der Wirklichkeit zu Hause"},"image":{"@id":"https:\/\/www.fluid-spirit.ch\/#\/schema\/logo\/image\/"},"sameAs":["https:\/\/www.youtube.com\/channel\/UCLp9T8eTxYZytG7s5RhKwnQ"]},{"@type":"Person","@id":"https:\/\/www.fluid-spirit.ch\/#\/schema\/person\/ba1e5bc6308c54a0e911c79e844e9579","name":"Danielle H. Jolissaint","image":{"@type":"ImageObject","inLanguage":"fr-FR","@id":"https:\/\/www.fluid-spirit.ch\/#\/schema\/person\/image\/","url":"https:\/\/secure.gravatar.com\/avatar\/98555a8573509b393be07b086d62dc09afc17f7b75f7df52b767e0330aa33ef3?s=96&d=mm&r=g","contentUrl":"https:\/\/secure.gravatar.com\/avatar\/98555a8573509b393be07b086d62dc09afc17f7b75f7df52b767e0330aa33ef3?s=96&d=mm&r=g","caption":"Danielle H. Jolissaint"},"sameAs":["http:\/\/www.fluid-spirit.ch"],"url":"https:\/\/www.fluid-spirit.ch\/fr\/author\/daniellejolissaint\/"}]}},"uagb_featured_image_src":{"full":["https:\/\/www.fluid-spirit.ch\/wp-content\/uploads\/2020\/12\/02_official_animal_rights_march_2019_zurich.jpg",1024,680,false],"thumbnail":["https:\/\/www.fluid-spirit.ch\/wp-content\/uploads\/2020\/12\/02_official_animal_rights_march_2019_zurich-300x300.jpg",300,300,true],"medium":["https:\/\/www.fluid-spirit.ch\/wp-content\/uploads\/2020\/12\/02_official_animal_rights_march_2019_zurich-300x199.jpg",300,199,true],"medium_large":["https:\/\/www.fluid-spirit.ch\/wp-content\/uploads\/2020\/12\/02_official_animal_rights_march_2019_zurich-768x510.jpg",768,510,true],"large":["https:\/\/www.fluid-spirit.ch\/wp-content\/uploads\/2020\/12\/02_official_animal_rights_march_2019_zurich.jpg",1024,680,false],"1536x1536":["https:\/\/www.fluid-spirit.ch\/wp-content\/uploads\/2020\/12\/02_official_animal_rights_march_2019_zurich.jpg",1024,680,false],"2048x2048":["https:\/\/www.fluid-spirit.ch\/wp-content\/uploads\/2020\/12\/02_official_animal_rights_march_2019_zurich.jpg",1024,680,false]},"uagb_author_info":{"display_name":"Danielle H. Jolissaint","author_link":"https:\/\/www.fluid-spirit.ch\/fr\/author\/daniellejolissaint\/"},"uagb_comment_info":0,"uagb_excerpt":"Aujourd\u2019hui, nous \u00e9tions \u00e0 la premi\u00e8re marche officielle des droits des animaux 2019 \u00e0 Zurich. C\u2019\u00e9tait particuli\u00e8rement beau de passer la journ\u00e9e si paisiblement avec tant de v\u00e9g\u00e9taliens. Je souhaite de tout mon c\u0153ur que se sentiment de communaut\u00e9 va s\u2019\u00e9tendre au monde entier. Un grand merci aux personnes qu\u2019il ont organis\u00e9 et \u00e0 tous\u2026","_links":{"self":[{"href":"https:\/\/www.fluid-spirit.ch\/fr\/wp-json\/wp\/v2\/posts\/144566","targetHints":{"allow":["GET"]}}],"collection":[{"href":"https:\/\/www.fluid-spirit.ch\/fr\/wp-json\/wp\/v2\/posts"}],"about":[{"href":"https:\/\/www.fluid-spirit.ch\/fr\/wp-json\/wp\/v2\/types\/post"}],"author":[{"embeddable":true,"href":"https:\/\/www.fluid-spirit.ch\/fr\/wp-json\/wp\/v2\/users\/4"}],"replies":[{"embeddable":true,"href":"https:\/\/www.fluid-spirit.ch\/fr\/wp-json\/wp\/v2\/comments?post=144566"}],"version-history":[{"count":11,"href":"https:\/\/www.fluid-spirit.ch\/fr\/wp-json\/wp\/v2\/posts\/144566\/revisions"}],"predecessor-version":[{"id":144604,"href":"https:\/\/www.fluid-spirit.ch\/fr\/wp-json\/wp\/v2\/posts\/144566\/revisions\/144604"}],"wp:featuredmedia":[{"embeddable":true,"href":"https:\/\/www.fluid-spirit.ch\/fr\/wp-json\/wp\/v2\/media\/144571"}],"wp:attachment":[{"href":"https:\/\/www.fluid-spirit.ch\/fr\/wp-json\/wp\/v2\/media?parent=144566"}],"wp:term":[{"taxonomy":"category","embeddable":true,"href":"https:\/\/www.fluid-spirit.ch\/fr\/wp-json\/wp\/v2\/categories?post=144566"},{"taxonomy":"post_tag","embeddable":true,"href":"https:\/\/www.fluid-spirit.ch\/fr\/wp-json\/wp\/v2\/tags?post=144566"}],"curies":[{"name":"wp","href":"https:\/\/api.w.org\/{rel}","templated":true}]}}