{"id":144658,"date":"2021-01-21T15:54:30","date_gmt":"2021-01-21T15:54:30","guid":{"rendered":"https:\/\/www.fluid-spirit.ch\/participation-a-la-demonstration-das-schlachten-beenden-finir-labattage-du-12-octobre-2019-a-zurich\/"},"modified":"2021-04-16T15:58:05","modified_gmt":"2021-04-16T14:58:05","slug":"participation-a-la-demonstration-das-schlachten-beenden-finir-labattage-du-12-octobre-2019-a-zurich","status":"publish","type":"post","link":"https:\/\/www.fluid-spirit.ch\/fr\/participation-a-la-demonstration-das-schlachten-beenden-finir-labattage-du-12-octobre-2019-a-zurich\/","title":{"rendered":"Participation \u00e0 la d\u00e9monstration \u00ab Das Schlachten beenden \u00bb (finir l\u2019abattage) du 12 octobre 2019 \u00e0 Zurich"},"content":{"rendered":"\n<h2 class=\"wp-block-heading\">Les abattoirs devraient \u00eatre abolis!<\/h2>\n\n\n\n<p>Aujourd\u2019hui nous \u00e9tions \u00e0 la d\u00e9monstration \u00abfinir l\u2019abattage\u00bb. A la fin, nous sommes arriv\u00e9s \u00e0 l\u2019abattoir et les murs, les r\u00e9cipients de viande et les voitures sont marqu\u00e9s de \u00abpeur\u00bb! Un grand merci \u00e0 toutes les personnes qui ont organis\u00e9 ou soutenu la d\u00e9mo.<\/p>\n","protected":false},"excerpt":{"rendered":"<p>Les abattoirs devraient \u00eatre abolis! Aujourd\u2019hui nous \u00e9tions \u00e0 la d\u00e9monstration \u00abfinir l\u2019abattage\u00bb. A la fin, nous sommes arriv\u00e9s \u00e0 l\u2019abattoir et les murs, les r\u00e9cipients de viande et les voitures sont marqu\u00e9s de \u00abpeur\u00bb! Un grand merci \u00e0 toutes les personnes qui ont organis\u00e9 ou soutenu la d\u00e9mo.<\/p>\n","protected":false},"author":4,"featured_media":143596,"comment_status":"closed","ping_status":"open","sticky":false,"template":"","format":"standard","meta":{"_coblocks_attr":"","_coblocks_dimensions":"","_coblocks_responsive_height":"","_coblocks_accordion_ie_support":"","_uag_custom_page_level_css":"","site-sidebar-layout":"default","site-content-layout":"default","ast-site-content-layout":"default","site-content-style":"default","site-sidebar-style":"default","ast-global-header-display":"","ast-banner-title-visibility":"","ast-main-header-display":"","ast-hfb-above-header-display":"","ast-hfb-below-header-display":"","ast-hfb-mobile-header-display":"","site-post-title":"","ast-breadcrumbs-content":"","ast-featured-img":"","footer-sml-layout":"","theme-transparent-header-meta":"default","adv-header-id-meta":"","stick-header-meta":"default","header-above-stick-meta":"","header-main-stick-meta":"","header-below-stick-meta":"","astra-migrate-meta-layouts":"default","ast-page-background-enabled":"default","ast-page-background-meta":{"desktop":{"background-color":"","background-image":"","background-repeat":"repeat","background-position":"center center","background-size":"auto","background-attachment":"scroll","background-type":"","background-media":"","overlay-type":"","overlay-color":"","overlay-opacity":"","overlay-gradient":""},"tablet":{"background-color":"","background-image":"","background-repeat":"repeat","background-position":"center center","background-size":"auto","background-attachment":"scroll","background-type":"","background-media":"","overlay-type":"","overlay-color":"","overlay-opacity":"","overlay-gradient":""},"mobile":{"background-color":"","background-image":"","background-repeat":"repeat","background-position":"center center","background-size":"auto","background-attachment":"scroll","background-type":"","background-media":"","overlay-type":"","overlay-color":"","overlay-opacity":"","overlay-gradient":""}},"ast-content-background-meta":{"desktop":{"background-color":"var(--ast-global-color-5)","background-image":"","background-repeat":"repeat","background-position":"center center","background-size":"auto","background-attachment":"scroll","background-type":"","background-media":"","overlay-type":"","overlay-color":"","overlay-opacity":"","overlay-gradient":""},"tablet":{"background-color":"var(--ast-global-color-5)","background-image":"","background-repeat":"repeat","background-position":"center center","background-size":"auto","background-attachment":"scroll","background-type":"","background-media":"","overlay-type":"","overlay-color":"","overlay-opacity":"","overlay-gradient":""},"mobile":{"background-color":"var(--ast-global-color-5)","background-image":"","background-repeat":"repeat","background-position":"center center","background-size":"auto","background-attachment":"scroll","background-type":"","background-media":"","overlay-type":"","overlay-color":"","overlay-opacity":"","overlay-gradient":""}},"footnotes":""},"categories":[304,305],"tags":[],"class_list":["post-144658","post","type-post","status-publish","format-standard","has-post-thumbnail","hentry","category-general-fr","category-reconciliation-of-humans-and-animals-fr"],"yoast_head":"<!-- This site is optimized with the Yoast SEO plugin v26.4 - https:\/\/yoast.com\/wordpress\/plugins\/seo\/ -->\r\n<title>Participation \u00e0 la d\u00e9monstration \u00ab Das Schlachten beenden \u00bb (finir l\u2019abattage) du 12 octobre 2019 \u00e0 Zurich | Fluid Spirit | In der Wirklichkeit zu Hause<\/title>\r\n<meta name=\"robots\" content=\"index, follow, max-snippet:-1, max-image-preview:large, max-video-preview:-1\" \/>\r\n<link rel=\"canonical\" href=\"https:\/\/www.fluid-spirit.ch\/fr\/participation-a-la-demonstration-das-schlachten-beenden-finir-labattage-du-12-octobre-2019-a-zurich\/\" \/>\r\n<meta property=\"og:locale\" content=\"fr_FR\" \/>\r\n<meta property=\"og:type\" content=\"article\" \/>\r\n<meta property=\"og:title\" content=\"Participation \u00e0 la d\u00e9monstration \u00ab Das Schlachten beenden \u00bb (finir l\u2019abattage) du 12 octobre 2019 \u00e0 Zurich | Fluid Spirit | In der Wirklichkeit zu Hause\" \/>\r\n<meta property=\"og:description\" content=\"Les abattoirs devraient \u00eatre abolis! Aujourd\u2019hui nous \u00e9tions \u00e0 la d\u00e9monstration \u00abfinir l\u2019abattage\u00bb. A la fin, nous sommes arriv\u00e9s \u00e0 l\u2019abattoir et les murs, les r\u00e9cipients de viande et les voitures sont marqu\u00e9s de \u00abpeur\u00bb! Un grand merci \u00e0 toutes les personnes qui ont organis\u00e9 ou soutenu la d\u00e9mo.\" \/>\r\n<meta property=\"og:url\" content=\"https:\/\/www.fluid-spirit.ch\/fr\/participation-a-la-demonstration-das-schlachten-beenden-finir-labattage-du-12-octobre-2019-a-zurich\/\" \/>\r\n<meta property=\"og:site_name\" content=\"Fluid Spirit | In der Wirklichkeit zu Hause\" \/>\r\n<meta property=\"article:published_time\" content=\"2021-01-21T15:54:30+00:00\" \/>\r\n<meta property=\"article:modified_time\" content=\"2021-04-16T14:58:05+00:00\" \/>\r\n<meta property=\"og:image\" content=\"https:\/\/www.fluid-spirit.ch\/wp-content\/uploads\/2019\/10\/01_demo_schlachten_beenden_2019-10-12.png\" \/>\r\n\t<meta property=\"og:image:width\" content=\"788\" \/>\r\n\t<meta property=\"og:image:height\" content=\"444\" \/>\r\n\t<meta property=\"og:image:type\" content=\"image\/png\" \/>\r\n<meta name=\"author\" content=\"Danielle H. Jolissaint\" \/>\r\n<meta name=\"twitter:card\" content=\"summary_large_image\" \/>\r\n<meta name=\"twitter:label1\" content=\"\u00c9crit par\" \/>\n\t<meta name=\"twitter:data1\" content=\"Danielle H. Jolissaint\" \/>\r\n<script type=\"application\/ld+json\" class=\"yoast-schema-graph\">{\"@context\":\"https:\/\/schema.org\",\"@graph\":[{\"@type\":\"Article\",\"@id\":\"https:\/\/www.fluid-spirit.ch\/fr\/participation-a-la-demonstration-das-schlachten-beenden-finir-labattage-du-12-octobre-2019-a-zurich\/#article\",\"isPartOf\":{\"@id\":\"https:\/\/www.fluid-spirit.ch\/fr\/participation-a-la-demonstration-das-schlachten-beenden-finir-labattage-du-12-octobre-2019-a-zurich\/\"},\"author\":{\"name\":\"Danielle H. Jolissaint\",\"@id\":\"https:\/\/www.fluid-spirit.ch\/#\/schema\/person\/ba1e5bc6308c54a0e911c79e844e9579\"},\"headline\":\"Participation \u00e0 la d\u00e9monstration \u00ab Das Schlachten beenden \u00bb (finir l\u2019abattage) du 12 octobre 2019 \u00e0 Zurich\",\"datePublished\":\"2021-01-21T15:54:30+00:00\",\"dateModified\":\"2021-04-16T14:58:05+00:00\",\"mainEntityOfPage\":{\"@id\":\"https:\/\/www.fluid-spirit.ch\/fr\/participation-a-la-demonstration-das-schlachten-beenden-finir-labattage-du-12-octobre-2019-a-zurich\/\"},\"wordCount\":67,\"publisher\":{\"@id\":\"https:\/\/www.fluid-spirit.ch\/#organization\"},\"image\":{\"@id\":\"https:\/\/www.fluid-spirit.ch\/fr\/participation-a-la-demonstration-das-schlachten-beenden-finir-labattage-du-12-octobre-2019-a-zurich\/#primaryimage\"},\"thumbnailUrl\":\"https:\/\/www.fluid-spirit.ch\/wp-content\/uploads\/2019\/10\/01_demo_schlachten_beenden_2019-10-12.png\",\"articleSection\":[\"General\",\"R\u00e9conciliation entre l'homme et l'animal\"],\"inLanguage\":\"fr-FR\"},{\"@type\":\"WebPage\",\"@id\":\"https:\/\/www.fluid-spirit.ch\/fr\/participation-a-la-demonstration-das-schlachten-beenden-finir-labattage-du-12-octobre-2019-a-zurich\/\",\"url\":\"https:\/\/www.fluid-spirit.ch\/fr\/participation-a-la-demonstration-das-schlachten-beenden-finir-labattage-du-12-octobre-2019-a-zurich\/\",\"name\":\"Participation \u00e0 la d\u00e9monstration \u00ab Das Schlachten beenden \u00bb (finir l\u2019abattage) du 12 octobre 2019 \u00e0 Zurich | Fluid Spirit | In der Wirklichkeit zu Hause\",\"isPartOf\":{\"@id\":\"https:\/\/www.fluid-spirit.ch\/#website\"},\"primaryImageOfPage\":{\"@id\":\"https:\/\/www.fluid-spirit.ch\/fr\/participation-a-la-demonstration-das-schlachten-beenden-finir-labattage-du-12-octobre-2019-a-zurich\/#primaryimage\"},\"image\":{\"@id\":\"https:\/\/www.fluid-spirit.ch\/fr\/participation-a-la-demonstration-das-schlachten-beenden-finir-labattage-du-12-octobre-2019-a-zurich\/#primaryimage\"},\"thumbnailUrl\":\"https:\/\/www.fluid-spirit.ch\/wp-content\/uploads\/2019\/10\/01_demo_schlachten_beenden_2019-10-12.png\",\"datePublished\":\"2021-01-21T15:54:30+00:00\",\"dateModified\":\"2021-04-16T14:58:05+00:00\",\"breadcrumb\":{\"@id\":\"https:\/\/www.fluid-spirit.ch\/fr\/participation-a-la-demonstration-das-schlachten-beenden-finir-labattage-du-12-octobre-2019-a-zurich\/#breadcrumb\"},\"inLanguage\":\"fr-FR\",\"potentialAction\":[{\"@type\":\"ReadAction\",\"target\":[\"https:\/\/www.fluid-spirit.ch\/fr\/participation-a-la-demonstration-das-schlachten-beenden-finir-labattage-du-12-octobre-2019-a-zurich\/\"]}]},{\"@type\":\"ImageObject\",\"inLanguage\":\"fr-FR\",\"@id\":\"https:\/\/www.fluid-spirit.ch\/fr\/participation-a-la-demonstration-das-schlachten-beenden-finir-labattage-du-12-octobre-2019-a-zurich\/#primaryimage\",\"url\":\"https:\/\/www.fluid-spirit.ch\/wp-content\/uploads\/2019\/10\/01_demo_schlachten_beenden_2019-10-12.png\",\"contentUrl\":\"https:\/\/www.fluid-spirit.ch\/wp-content\/uploads\/2019\/10\/01_demo_schlachten_beenden_2019-10-12.png\",\"width\":788,\"height\":444},{\"@type\":\"BreadcrumbList\",\"@id\":\"https:\/\/www.fluid-spirit.ch\/fr\/participation-a-la-demonstration-das-schlachten-beenden-finir-labattage-du-12-octobre-2019-a-zurich\/#breadcrumb\",\"itemListElement\":[{\"@type\":\"ListItem\",\"position\":1,\"name\":\"Startseite\",\"item\":\"https:\/\/www.fluid-spirit.ch\/fr\/\"},{\"@type\":\"ListItem\",\"position\":2,\"name\":\"Participation \u00e0 la d\u00e9monstration \u00ab Das Schlachten beenden \u00bb (finir l\u2019abattage) du 12 octobre 2019 \u00e0 Zurich\"}]},{\"@type\":\"WebSite\",\"@id\":\"https:\/\/www.fluid-spirit.ch\/#website\",\"url\":\"https:\/\/www.fluid-spirit.ch\/\",\"name\":\"Fluid Spirit | In der Wirklichkeit zu Hause\",\"description\":\"Ganzheitliche und spirituelle Entwicklung\",\"publisher\":{\"@id\":\"https:\/\/www.fluid-spirit.ch\/#organization\"},\"potentialAction\":[{\"@type\":\"SearchAction\",\"target\":{\"@type\":\"EntryPoint\",\"urlTemplate\":\"https:\/\/www.fluid-spirit.ch\/?s={search_term_string}\"},\"query-input\":{\"@type\":\"PropertyValueSpecification\",\"valueRequired\":true,\"valueName\":\"search_term_string\"}}],\"inLanguage\":\"fr-FR\"},{\"@type\":\"Organization\",\"@id\":\"https:\/\/www.fluid-spirit.ch\/#organization\",\"name\":\"Fluid Spirit | In der Wirklichkeit zu Hause\",\"url\":\"https:\/\/www.fluid-spirit.ch\/\",\"logo\":{\"@type\":\"ImageObject\",\"inLanguage\":\"fr-FR\",\"@id\":\"https:\/\/www.fluid-spirit.ch\/#\/schema\/logo\/image\/\",\"url\":\"https:\/\/www.fluid-spirit.ch\/wp-content\/uploads\/2020\/09\/kunstkarte_herz_schlafzimmer_neu.jpg\",\"contentUrl\":\"https:\/\/www.fluid-spirit.ch\/wp-content\/uploads\/2020\/09\/kunstkarte_herz_schlafzimmer_neu.jpg\",\"width\":1920,\"height\":1522,\"caption\":\"Fluid Spirit | In der Wirklichkeit zu Hause\"},\"image\":{\"@id\":\"https:\/\/www.fluid-spirit.ch\/#\/schema\/logo\/image\/\"},\"sameAs\":[\"https:\/\/www.youtube.com\/channel\/UCLp9T8eTxYZytG7s5RhKwnQ\"]},{\"@type\":\"Person\",\"@id\":\"https:\/\/www.fluid-spirit.ch\/#\/schema\/person\/ba1e5bc6308c54a0e911c79e844e9579\",\"name\":\"Danielle H. Jolissaint\",\"image\":{\"@type\":\"ImageObject\",\"inLanguage\":\"fr-FR\",\"@id\":\"https:\/\/www.fluid-spirit.ch\/#\/schema\/person\/image\/\",\"url\":\"https:\/\/secure.gravatar.com\/avatar\/98555a8573509b393be07b086d62dc09afc17f7b75f7df52b767e0330aa33ef3?s=96&d=mm&r=g\",\"contentUrl\":\"https:\/\/secure.gravatar.com\/avatar\/98555a8573509b393be07b086d62dc09afc17f7b75f7df52b767e0330aa33ef3?s=96&d=mm&r=g\",\"caption\":\"Danielle H. Jolissaint\"},\"sameAs\":[\"http:\/\/www.fluid-spirit.ch\"],\"url\":\"https:\/\/www.fluid-spirit.ch\/fr\/author\/daniellejolissaint\/\"}]}<\/script>\r\n<!-- \/ Yoast SEO plugin. -->","yoast_head_json":{"title":"Participation \u00e0 la d\u00e9monstration \u00ab Das Schlachten beenden \u00bb (finir l\u2019abattage) du 12 octobre 2019 \u00e0 Zurich | Fluid Spirit | In der Wirklichkeit zu Hause","robots":{"index":"index","follow":"follow","max-snippet":"max-snippet:-1","max-image-preview":"max-image-preview:large","max-video-preview":"max-video-preview:-1"},"canonical":"https:\/\/www.fluid-spirit.ch\/fr\/participation-a-la-demonstration-das-schlachten-beenden-finir-labattage-du-12-octobre-2019-a-zurich\/","og_locale":"fr_FR","og_type":"article","og_title":"Participation \u00e0 la d\u00e9monstration \u00ab Das Schlachten beenden \u00bb (finir l\u2019abattage) du 12 octobre 2019 \u00e0 Zurich | Fluid Spirit | In der Wirklichkeit zu Hause","og_description":"Les abattoirs devraient \u00eatre abolis! Aujourd\u2019hui nous \u00e9tions \u00e0 la d\u00e9monstration \u00abfinir l\u2019abattage\u00bb. A la fin, nous sommes arriv\u00e9s \u00e0 l\u2019abattoir et les murs, les r\u00e9cipients de viande et les voitures sont marqu\u00e9s de \u00abpeur\u00bb! Un grand merci \u00e0 toutes les personnes qui ont organis\u00e9 ou soutenu la d\u00e9mo.","og_url":"https:\/\/www.fluid-spirit.ch\/fr\/participation-a-la-demonstration-das-schlachten-beenden-finir-labattage-du-12-octobre-2019-a-zurich\/","og_site_name":"Fluid Spirit | In der Wirklichkeit zu Hause","article_published_time":"2021-01-21T15:54:30+00:00","article_modified_time":"2021-04-16T14:58:05+00:00","og_image":[{"width":788,"height":444,"url":"https:\/\/www.fluid-spirit.ch\/wp-content\/uploads\/2019\/10\/01_demo_schlachten_beenden_2019-10-12.png","type":"image\/png"}],"author":"Danielle H. Jolissaint","twitter_card":"summary_large_image","twitter_misc":{"\u00c9crit par":"Danielle H. Jolissaint"},"schema":{"@context":"https:\/\/schema.org","@graph":[{"@type":"Article","@id":"https:\/\/www.fluid-spirit.ch\/fr\/participation-a-la-demonstration-das-schlachten-beenden-finir-labattage-du-12-octobre-2019-a-zurich\/#article","isPartOf":{"@id":"https:\/\/www.fluid-spirit.ch\/fr\/participation-a-la-demonstration-das-schlachten-beenden-finir-labattage-du-12-octobre-2019-a-zurich\/"},"author":{"name":"Danielle H. Jolissaint","@id":"https:\/\/www.fluid-spirit.ch\/#\/schema\/person\/ba1e5bc6308c54a0e911c79e844e9579"},"headline":"Participation \u00e0 la d\u00e9monstration \u00ab Das Schlachten beenden \u00bb (finir l\u2019abattage) du 12 octobre 2019 \u00e0 Zurich","datePublished":"2021-01-21T15:54:30+00:00","dateModified":"2021-04-16T14:58:05+00:00","mainEntityOfPage":{"@id":"https:\/\/www.fluid-spirit.ch\/fr\/participation-a-la-demonstration-das-schlachten-beenden-finir-labattage-du-12-octobre-2019-a-zurich\/"},"wordCount":67,"publisher":{"@id":"https:\/\/www.fluid-spirit.ch\/#organization"},"image":{"@id":"https:\/\/www.fluid-spirit.ch\/fr\/participation-a-la-demonstration-das-schlachten-beenden-finir-labattage-du-12-octobre-2019-a-zurich\/#primaryimage"},"thumbnailUrl":"https:\/\/www.fluid-spirit.ch\/wp-content\/uploads\/2019\/10\/01_demo_schlachten_beenden_2019-10-12.png","articleSection":["General","R\u00e9conciliation entre l'homme et l'animal"],"inLanguage":"fr-FR"},{"@type":"WebPage","@id":"https:\/\/www.fluid-spirit.ch\/fr\/participation-a-la-demonstration-das-schlachten-beenden-finir-labattage-du-12-octobre-2019-a-zurich\/","url":"https:\/\/www.fluid-spirit.ch\/fr\/participation-a-la-demonstration-das-schlachten-beenden-finir-labattage-du-12-octobre-2019-a-zurich\/","name":"Participation \u00e0 la d\u00e9monstration \u00ab Das Schlachten beenden \u00bb (finir l\u2019abattage) du 12 octobre 2019 \u00e0 Zurich | Fluid Spirit | In der Wirklichkeit zu Hause","isPartOf":{"@id":"https:\/\/www.fluid-spirit.ch\/#website"},"primaryImageOfPage":{"@id":"https:\/\/www.fluid-spirit.ch\/fr\/participation-a-la-demonstration-das-schlachten-beenden-finir-labattage-du-12-octobre-2019-a-zurich\/#primaryimage"},"image":{"@id":"https:\/\/www.fluid-spirit.ch\/fr\/participation-a-la-demonstration-das-schlachten-beenden-finir-labattage-du-12-octobre-2019-a-zurich\/#primaryimage"},"thumbnailUrl":"https:\/\/www.fluid-spirit.ch\/wp-content\/uploads\/2019\/10\/01_demo_schlachten_beenden_2019-10-12.png","datePublished":"2021-01-21T15:54:30+00:00","dateModified":"2021-04-16T14:58:05+00:00","breadcrumb":{"@id":"https:\/\/www.fluid-spirit.ch\/fr\/participation-a-la-demonstration-das-schlachten-beenden-finir-labattage-du-12-octobre-2019-a-zurich\/#breadcrumb"},"inLanguage":"fr-FR","potentialAction":[{"@type":"ReadAction","target":["https:\/\/www.fluid-spirit.ch\/fr\/participation-a-la-demonstration-das-schlachten-beenden-finir-labattage-du-12-octobre-2019-a-zurich\/"]}]},{"@type":"ImageObject","inLanguage":"fr-FR","@id":"https:\/\/www.fluid-spirit.ch\/fr\/participation-a-la-demonstration-das-schlachten-beenden-finir-labattage-du-12-octobre-2019-a-zurich\/#primaryimage","url":"https:\/\/www.fluid-spirit.ch\/wp-content\/uploads\/2019\/10\/01_demo_schlachten_beenden_2019-10-12.png","contentUrl":"https:\/\/www.fluid-spirit.ch\/wp-content\/uploads\/2019\/10\/01_demo_schlachten_beenden_2019-10-12.png","width":788,"height":444},{"@type":"BreadcrumbList","@id":"https:\/\/www.fluid-spirit.ch\/fr\/participation-a-la-demonstration-das-schlachten-beenden-finir-labattage-du-12-octobre-2019-a-zurich\/#breadcrumb","itemListElement":[{"@type":"ListItem","position":1,"name":"Startseite","item":"https:\/\/www.fluid-spirit.ch\/fr\/"},{"@type":"ListItem","position":2,"name":"Participation \u00e0 la d\u00e9monstration \u00ab Das Schlachten beenden \u00bb (finir l\u2019abattage) du 12 octobre 2019 \u00e0 Zurich"}]},{"@type":"WebSite","@id":"https:\/\/www.fluid-spirit.ch\/#website","url":"https:\/\/www.fluid-spirit.ch\/","name":"Fluid Spirit | In der Wirklichkeit zu Hause","description":"Ganzheitliche und spirituelle Entwicklung","publisher":{"@id":"https:\/\/www.fluid-spirit.ch\/#organization"},"potentialAction":[{"@type":"SearchAction","target":{"@type":"EntryPoint","urlTemplate":"https:\/\/www.fluid-spirit.ch\/?s={search_term_string}"},"query-input":{"@type":"PropertyValueSpecification","valueRequired":true,"valueName":"search_term_string"}}],"inLanguage":"fr-FR"},{"@type":"Organization","@id":"https:\/\/www.fluid-spirit.ch\/#organization","name":"Fluid Spirit | In der Wirklichkeit zu Hause","url":"https:\/\/www.fluid-spirit.ch\/","logo":{"@type":"ImageObject","inLanguage":"fr-FR","@id":"https:\/\/www.fluid-spirit.ch\/#\/schema\/logo\/image\/","url":"https:\/\/www.fluid-spirit.ch\/wp-content\/uploads\/2020\/09\/kunstkarte_herz_schlafzimmer_neu.jpg","contentUrl":"https:\/\/www.fluid-spirit.ch\/wp-content\/uploads\/2020\/09\/kunstkarte_herz_schlafzimmer_neu.jpg","width":1920,"height":1522,"caption":"Fluid Spirit | In der Wirklichkeit zu Hause"},"image":{"@id":"https:\/\/www.fluid-spirit.ch\/#\/schema\/logo\/image\/"},"sameAs":["https:\/\/www.youtube.com\/channel\/UCLp9T8eTxYZytG7s5RhKwnQ"]},{"@type":"Person","@id":"https:\/\/www.fluid-spirit.ch\/#\/schema\/person\/ba1e5bc6308c54a0e911c79e844e9579","name":"Danielle H. Jolissaint","image":{"@type":"ImageObject","inLanguage":"fr-FR","@id":"https:\/\/www.fluid-spirit.ch\/#\/schema\/person\/image\/","url":"https:\/\/secure.gravatar.com\/avatar\/98555a8573509b393be07b086d62dc09afc17f7b75f7df52b767e0330aa33ef3?s=96&d=mm&r=g","contentUrl":"https:\/\/secure.gravatar.com\/avatar\/98555a8573509b393be07b086d62dc09afc17f7b75f7df52b767e0330aa33ef3?s=96&d=mm&r=g","caption":"Danielle H. Jolissaint"},"sameAs":["http:\/\/www.fluid-spirit.ch"],"url":"https:\/\/www.fluid-spirit.ch\/fr\/author\/daniellejolissaint\/"}]}},"uagb_featured_image_src":{"full":["https:\/\/www.fluid-spirit.ch\/wp-content\/uploads\/2019\/10\/01_demo_schlachten_beenden_2019-10-12.png",788,444,false],"thumbnail":["https:\/\/www.fluid-spirit.ch\/wp-content\/uploads\/2019\/10\/01_demo_schlachten_beenden_2019-10-12-300x300.png",300,300,true],"medium":["https:\/\/www.fluid-spirit.ch\/wp-content\/uploads\/2019\/10\/01_demo_schlachten_beenden_2019-10-12-300x169.png",300,169,true],"medium_large":["https:\/\/www.fluid-spirit.ch\/wp-content\/uploads\/2019\/10\/01_demo_schlachten_beenden_2019-10-12-768x433.png",768,433,true],"large":["https:\/\/www.fluid-spirit.ch\/wp-content\/uploads\/2019\/10\/01_demo_schlachten_beenden_2019-10-12.png",788,444,false],"1536x1536":["https:\/\/www.fluid-spirit.ch\/wp-content\/uploads\/2019\/10\/01_demo_schlachten_beenden_2019-10-12.png",788,444,false],"2048x2048":["https:\/\/www.fluid-spirit.ch\/wp-content\/uploads\/2019\/10\/01_demo_schlachten_beenden_2019-10-12.png",788,444,false]},"uagb_author_info":{"display_name":"Danielle H. Jolissaint","author_link":"https:\/\/www.fluid-spirit.ch\/fr\/author\/daniellejolissaint\/"},"uagb_comment_info":0,"uagb_excerpt":"Les abattoirs devraient \u00eatre abolis! Aujourd\u2019hui nous \u00e9tions \u00e0 la d\u00e9monstration \u00abfinir l\u2019abattage\u00bb. A la fin, nous sommes arriv\u00e9s \u00e0 l\u2019abattoir et les murs, les r\u00e9cipients de viande et les voitures sont marqu\u00e9s de \u00abpeur\u00bb! Un grand merci \u00e0 toutes les personnes qui ont organis\u00e9 ou soutenu la d\u00e9mo.","_links":{"self":[{"href":"https:\/\/www.fluid-spirit.ch\/fr\/wp-json\/wp\/v2\/posts\/144658","targetHints":{"allow":["GET"]}}],"collection":[{"href":"https:\/\/www.fluid-spirit.ch\/fr\/wp-json\/wp\/v2\/posts"}],"about":[{"href":"https:\/\/www.fluid-spirit.ch\/fr\/wp-json\/wp\/v2\/types\/post"}],"author":[{"embeddable":true,"href":"https:\/\/www.fluid-spirit.ch\/fr\/wp-json\/wp\/v2\/users\/4"}],"replies":[{"embeddable":true,"href":"https:\/\/www.fluid-spirit.ch\/fr\/wp-json\/wp\/v2\/comments?post=144658"}],"version-history":[{"count":5,"href":"https:\/\/www.fluid-spirit.ch\/fr\/wp-json\/wp\/v2\/posts\/144658\/revisions"}],"predecessor-version":[{"id":145681,"href":"https:\/\/www.fluid-spirit.ch\/fr\/wp-json\/wp\/v2\/posts\/144658\/revisions\/145681"}],"wp:featuredmedia":[{"embeddable":true,"href":"https:\/\/www.fluid-spirit.ch\/fr\/wp-json\/wp\/v2\/media\/143596"}],"wp:attachment":[{"href":"https:\/\/www.fluid-spirit.ch\/fr\/wp-json\/wp\/v2\/media?parent=144658"}],"wp:term":[{"taxonomy":"category","embeddable":true,"href":"https:\/\/www.fluid-spirit.ch\/fr\/wp-json\/wp\/v2\/categories?post=144658"},{"taxonomy":"post_tag","embeddable":true,"href":"https:\/\/www.fluid-spirit.ch\/fr\/wp-json\/wp\/v2\/tags?post=144658"}],"curies":[{"name":"wp","href":"https:\/\/api.w.org\/{rel}","templated":true}]}}