{"id":146952,"date":"2023-08-18T20:48:12","date_gmt":"2023-08-18T19:48:12","guid":{"rendered":"https:\/\/www.fluid-spirit.ch\/demonstration-climatique-nationale-du-changement-le-28-septembre-2019-a-berne\/"},"modified":"2023-08-18T20:48:13","modified_gmt":"2023-08-18T19:48:13","slug":"demonstration-climatique-nationale-du-changement-le-28-septembre-2019-a-berne","status":"publish","type":"post","link":"https:\/\/www.fluid-spirit.ch\/fr\/demonstration-climatique-nationale-du-changement-le-28-septembre-2019-a-berne\/","title":{"rendered":"D\u00e9monstration climatique nationale du changement le 28 septembre 2019 \u00e0 Berne"},"content":{"rendered":"\n<p>\u00dcbersetzen \u00abSi tous les hommes cessent de manger des animaux et laissent leur lait aux animaux, la cause principale de la catastrophe climatique sera \u00e9limin\u00e9e. \u00bb<br\/>Danielle H. Jolissaint, 29.09.2019<\/p>\n\n<p>Hier, nous \u00e9tions \u00e0 la d\u00e9monstration nationale du changement climatique \u00e0 Berne. C&#8217;\u00e9tait unique de manifester pour notre climat avec environ 100&#8217;000 autres personnes juste avant les \u00e9lections nationales et r\u00e9gionales. La prise de conscience de l&#8217;humanit\u00e9 en ce qui concerne le v\u00e9g\u00e9talisme et ses effets positifs sur notre climat augmente!<\/p>\n\n<p>Un grand merci \u00e0 tous ceux qui ont contribu\u00e9 \u00e0 cette importante d\u00e9monstration climatique.<\/p>\n\n<figure class=\"wp-block-video\"><video controls=\"\" src=\"http:\/\/fluid-spirit.ch\/wp-content\/uploads\/2019\/09\/Nationale-Klima-demo-des-Wandels-28.09.2019Bern.mp4\"><\/video><\/figure>\n","protected":false},"excerpt":{"rendered":"<p>\u00dcbersetzen \u00abSi tous les hommes cessent de manger des animaux et laissent leur lait aux animaux, la cause principale de la catastrophe climatique sera \u00e9limin\u00e9e. \u00bbDanielle H. Jolissaint, 29.09.2019 Hier, nous \u00e9tions \u00e0 la d\u00e9monstration nationale du changement climatique \u00e0 Berne. C&#8217;\u00e9tait unique de manifester pour notre climat avec environ 100&#8217;000 autres personnes juste avant [&hellip;]<\/p>\n","protected":false},"author":4,"featured_media":146953,"comment_status":"closed","ping_status":"closed","sticky":false,"template":"","format":"standard","meta":{"_coblocks_attr":"","_coblocks_dimensions":"","_coblocks_responsive_height":"","_coblocks_accordion_ie_support":"","_uag_custom_page_level_css":"","site-sidebar-layout":"default","site-content-layout":"default","ast-site-content-layout":"default","site-content-style":"default","site-sidebar-style":"default","ast-global-header-display":"","ast-banner-title-visibility":"","ast-main-header-display":"","ast-hfb-above-header-display":"","ast-hfb-below-header-display":"","ast-hfb-mobile-header-display":"","site-post-title":"","ast-breadcrumbs-content":"","ast-featured-img":"","footer-sml-layout":"","theme-transparent-header-meta":"default","adv-header-id-meta":"","stick-header-meta":"default","header-above-stick-meta":"","header-main-stick-meta":"","header-below-stick-meta":"","astra-migrate-meta-layouts":"default","ast-page-background-enabled":"default","ast-page-background-meta":{"desktop":{"background-color":"","background-image":"","background-repeat":"repeat","background-position":"center center","background-size":"auto","background-attachment":"scroll","background-type":"","background-media":"","overlay-type":"","overlay-color":"","overlay-opacity":"","overlay-gradient":""},"tablet":{"background-color":"","background-image":"","background-repeat":"repeat","background-position":"center center","background-size":"auto","background-attachment":"scroll","background-type":"","background-media":"","overlay-type":"","overlay-color":"","overlay-opacity":"","overlay-gradient":""},"mobile":{"background-color":"","background-image":"","background-repeat":"repeat","background-position":"center center","background-size":"auto","background-attachment":"scroll","background-type":"","background-media":"","overlay-type":"","overlay-color":"","overlay-opacity":"","overlay-gradient":""}},"ast-content-background-meta":{"desktop":{"background-color":"var(--ast-global-color-5)","background-image":"","background-repeat":"repeat","background-position":"center center","background-size":"auto","background-attachment":"scroll","background-type":"","background-media":"","overlay-type":"","overlay-color":"","overlay-opacity":"","overlay-gradient":""},"tablet":{"background-color":"var(--ast-global-color-5)","background-image":"","background-repeat":"repeat","background-position":"center center","background-size":"auto","background-attachment":"scroll","background-type":"","background-media":"","overlay-type":"","overlay-color":"","overlay-opacity":"","overlay-gradient":""},"mobile":{"background-color":"var(--ast-global-color-5)","background-image":"","background-repeat":"repeat","background-position":"center center","background-size":"auto","background-attachment":"scroll","background-type":"","background-media":"","overlay-type":"","overlay-color":"","overlay-opacity":"","overlay-gradient":""}},"footnotes":""},"categories":[304,305],"tags":[483,484,487,486,485,488,22,337],"class_list":["post-146952","post","type-post","status-publish","format-standard","has-post-thumbnail","hentry","category-general-fr","category-reconciliation-of-humans-and-animals-fr","tag-berne","tag-climat","tag-conseil-detat","tag-conseil-national","tag-demonstration-climatique-nationale","tag-elections","tag-vegan","tag-veganisme"],"yoast_head":"<!-- This site is optimized with the Yoast SEO plugin v26.4 - https:\/\/yoast.com\/wordpress\/plugins\/seo\/ -->\r\n<title>D\u00e9monstration climatique nationale du changement le 28 septembre 2019 \u00e0 Berne | Fluid Spirit | In der Wirklichkeit zu Hause<\/title>\r\n<meta name=\"robots\" content=\"index, follow, max-snippet:-1, max-image-preview:large, max-video-preview:-1\" \/>\r\n<link rel=\"canonical\" href=\"https:\/\/www.fluid-spirit.ch\/nationale-klima-demo-des-wandels-vom-28-september-2019-in-bern\/\" \/>\r\n<meta property=\"og:locale\" content=\"fr_FR\" \/>\r\n<meta property=\"og:type\" content=\"article\" \/>\r\n<meta property=\"og:title\" content=\"D\u00e9monstration climatique nationale du changement le 28 septembre 2019 \u00e0 Berne | Fluid Spirit | In der Wirklichkeit zu Hause\" \/>\r\n<meta property=\"og:description\" content=\"\u00dcbersetzen \u00abSi tous les hommes cessent de manger des animaux et laissent leur lait aux animaux, la cause principale de la catastrophe climatique sera \u00e9limin\u00e9e. \u00bbDanielle H. Jolissaint, 29.09.2019 Hier, nous \u00e9tions \u00e0 la d\u00e9monstration nationale du changement climatique \u00e0 Berne. C&#8217;\u00e9tait unique de manifester pour notre climat avec environ 100&#8217;000 autres personnes juste avant [&hellip;]\" \/>\r\n<meta property=\"og:url\" content=\"https:\/\/www.fluid-spirit.ch\/nationale-klima-demo-des-wandels-vom-28-september-2019-in-bern\/\" \/>\r\n<meta property=\"og:site_name\" content=\"Fluid Spirit | In der Wirklichkeit zu Hause\" \/>\r\n<meta property=\"article:published_time\" content=\"2023-08-18T19:48:12+00:00\" \/>\r\n<meta property=\"article:modified_time\" content=\"2023-08-18T19:48:13+00:00\" \/>\r\n<meta property=\"og:image\" content=\"https:\/\/www.fluid-spirit.ch\/wp-content\/uploads\/2019\/09\/nationale_klimademo_2019-09-28-1024x577.png\" \/>\r\n\t<meta property=\"og:image:width\" content=\"1024\" \/>\r\n\t<meta property=\"og:image:height\" content=\"577\" \/>\r\n\t<meta property=\"og:image:type\" content=\"image\/png\" \/>\r\n<meta name=\"author\" content=\"Danielle H. Jolissaint\" \/>\r\n<meta name=\"twitter:card\" content=\"summary_large_image\" \/>\r\n<meta name=\"twitter:label1\" content=\"\u00c9crit par\" \/>\n\t<meta name=\"twitter:data1\" content=\"Danielle H. Jolissaint\" \/>\r\n<script type=\"application\/ld+json\" class=\"yoast-schema-graph\">{\"@context\":\"https:\/\/schema.org\",\"@graph\":[{\"@type\":\"Article\",\"@id\":\"https:\/\/www.fluid-spirit.ch\/nationale-klima-demo-des-wandels-vom-28-september-2019-in-bern\/#article\",\"isPartOf\":{\"@id\":\"https:\/\/www.fluid-spirit.ch\/nationale-klima-demo-des-wandels-vom-28-september-2019-in-bern\/\"},\"author\":{\"name\":\"Danielle H. Jolissaint\",\"@id\":\"https:\/\/www.fluid-spirit.ch\/#\/schema\/person\/ba1e5bc6308c54a0e911c79e844e9579\"},\"headline\":\"D\u00e9monstration climatique nationale du changement le 28 septembre 2019 \u00e0 Berne\",\"datePublished\":\"2023-08-18T19:48:12+00:00\",\"dateModified\":\"2023-08-18T19:48:13+00:00\",\"mainEntityOfPage\":{\"@id\":\"https:\/\/www.fluid-spirit.ch\/nationale-klima-demo-des-wandels-vom-28-september-2019-in-bern\/\"},\"wordCount\":105,\"publisher\":{\"@id\":\"https:\/\/www.fluid-spirit.ch\/#organization\"},\"image\":{\"@id\":\"https:\/\/www.fluid-spirit.ch\/nationale-klima-demo-des-wandels-vom-28-september-2019-in-bern\/#primaryimage\"},\"thumbnailUrl\":\"https:\/\/www.fluid-spirit.ch\/wp-content\/uploads\/2019\/09\/nationale_klimademo_2019-09-28.png\",\"keywords\":[\"Berne\",\"Climat\",\"Conseil d'\u00c9tat\",\"Conseil national\",\"D\u00e9monstration climatique nationale\",\"\u00c9lections\",\"Vegan\",\"V\u00e9ganisme\"],\"articleSection\":[\"General\",\"R\u00e9conciliation entre l'homme et l'animal\"],\"inLanguage\":\"fr-FR\"},{\"@type\":\"WebPage\",\"@id\":\"https:\/\/www.fluid-spirit.ch\/nationale-klima-demo-des-wandels-vom-28-september-2019-in-bern\/\",\"url\":\"https:\/\/www.fluid-spirit.ch\/nationale-klima-demo-des-wandels-vom-28-september-2019-in-bern\/\",\"name\":\"D\u00e9monstration climatique nationale du changement le 28 septembre 2019 \u00e0 Berne | Fluid Spirit | In der Wirklichkeit zu Hause\",\"isPartOf\":{\"@id\":\"https:\/\/www.fluid-spirit.ch\/#website\"},\"primaryImageOfPage\":{\"@id\":\"https:\/\/www.fluid-spirit.ch\/nationale-klima-demo-des-wandels-vom-28-september-2019-in-bern\/#primaryimage\"},\"image\":{\"@id\":\"https:\/\/www.fluid-spirit.ch\/nationale-klima-demo-des-wandels-vom-28-september-2019-in-bern\/#primaryimage\"},\"thumbnailUrl\":\"https:\/\/www.fluid-spirit.ch\/wp-content\/uploads\/2019\/09\/nationale_klimademo_2019-09-28.png\",\"datePublished\":\"2023-08-18T19:48:12+00:00\",\"dateModified\":\"2023-08-18T19:48:13+00:00\",\"breadcrumb\":{\"@id\":\"https:\/\/www.fluid-spirit.ch\/nationale-klima-demo-des-wandels-vom-28-september-2019-in-bern\/#breadcrumb\"},\"inLanguage\":\"fr-FR\",\"potentialAction\":[{\"@type\":\"ReadAction\",\"target\":[\"https:\/\/www.fluid-spirit.ch\/nationale-klima-demo-des-wandels-vom-28-september-2019-in-bern\/\"]}]},{\"@type\":\"ImageObject\",\"inLanguage\":\"fr-FR\",\"@id\":\"https:\/\/www.fluid-spirit.ch\/nationale-klima-demo-des-wandels-vom-28-september-2019-in-bern\/#primaryimage\",\"url\":\"https:\/\/www.fluid-spirit.ch\/wp-content\/uploads\/2019\/09\/nationale_klimademo_2019-09-28.png\",\"contentUrl\":\"https:\/\/www.fluid-spirit.ch\/wp-content\/uploads\/2019\/09\/nationale_klimademo_2019-09-28.png\",\"width\":1707,\"height\":962},{\"@type\":\"BreadcrumbList\",\"@id\":\"https:\/\/www.fluid-spirit.ch\/nationale-klima-demo-des-wandels-vom-28-september-2019-in-bern\/#breadcrumb\",\"itemListElement\":[{\"@type\":\"ListItem\",\"position\":1,\"name\":\"Startseite\",\"item\":\"https:\/\/www.fluid-spirit.ch\/fr\/\"},{\"@type\":\"ListItem\",\"position\":2,\"name\":\"D\u00e9monstration climatique nationale du changement le 28 septembre 2019 \u00e0 Berne\"}]},{\"@type\":\"WebSite\",\"@id\":\"https:\/\/www.fluid-spirit.ch\/#website\",\"url\":\"https:\/\/www.fluid-spirit.ch\/\",\"name\":\"Fluid Spirit | In der Wirklichkeit zu Hause\",\"description\":\"Ganzheitliche und spirituelle Entwicklung\",\"publisher\":{\"@id\":\"https:\/\/www.fluid-spirit.ch\/#organization\"},\"potentialAction\":[{\"@type\":\"SearchAction\",\"target\":{\"@type\":\"EntryPoint\",\"urlTemplate\":\"https:\/\/www.fluid-spirit.ch\/?s={search_term_string}\"},\"query-input\":{\"@type\":\"PropertyValueSpecification\",\"valueRequired\":true,\"valueName\":\"search_term_string\"}}],\"inLanguage\":\"fr-FR\"},{\"@type\":\"Organization\",\"@id\":\"https:\/\/www.fluid-spirit.ch\/#organization\",\"name\":\"Fluid Spirit | In der Wirklichkeit zu Hause\",\"url\":\"https:\/\/www.fluid-spirit.ch\/\",\"logo\":{\"@type\":\"ImageObject\",\"inLanguage\":\"fr-FR\",\"@id\":\"https:\/\/www.fluid-spirit.ch\/#\/schema\/logo\/image\/\",\"url\":\"https:\/\/www.fluid-spirit.ch\/wp-content\/uploads\/2020\/09\/kunstkarte_herz_schlafzimmer_neu.jpg\",\"contentUrl\":\"https:\/\/www.fluid-spirit.ch\/wp-content\/uploads\/2020\/09\/kunstkarte_herz_schlafzimmer_neu.jpg\",\"width\":1920,\"height\":1522,\"caption\":\"Fluid Spirit | In der Wirklichkeit zu Hause\"},\"image\":{\"@id\":\"https:\/\/www.fluid-spirit.ch\/#\/schema\/logo\/image\/\"},\"sameAs\":[\"https:\/\/www.youtube.com\/channel\/UCLp9T8eTxYZytG7s5RhKwnQ\"]},{\"@type\":\"Person\",\"@id\":\"https:\/\/www.fluid-spirit.ch\/#\/schema\/person\/ba1e5bc6308c54a0e911c79e844e9579\",\"name\":\"Danielle H. Jolissaint\",\"image\":{\"@type\":\"ImageObject\",\"inLanguage\":\"fr-FR\",\"@id\":\"https:\/\/www.fluid-spirit.ch\/#\/schema\/person\/image\/\",\"url\":\"https:\/\/secure.gravatar.com\/avatar\/98555a8573509b393be07b086d62dc09afc17f7b75f7df52b767e0330aa33ef3?s=96&d=mm&r=g\",\"contentUrl\":\"https:\/\/secure.gravatar.com\/avatar\/98555a8573509b393be07b086d62dc09afc17f7b75f7df52b767e0330aa33ef3?s=96&d=mm&r=g\",\"caption\":\"Danielle H. Jolissaint\"},\"sameAs\":[\"http:\/\/www.fluid-spirit.ch\"],\"url\":\"https:\/\/www.fluid-spirit.ch\/fr\/author\/daniellejolissaint\/\"}]}<\/script>\r\n<!-- \/ Yoast SEO plugin. -->","yoast_head_json":{"title":"D\u00e9monstration climatique nationale du changement le 28 septembre 2019 \u00e0 Berne | Fluid Spirit | In der Wirklichkeit zu Hause","robots":{"index":"index","follow":"follow","max-snippet":"max-snippet:-1","max-image-preview":"max-image-preview:large","max-video-preview":"max-video-preview:-1"},"canonical":"https:\/\/www.fluid-spirit.ch\/nationale-klima-demo-des-wandels-vom-28-september-2019-in-bern\/","og_locale":"fr_FR","og_type":"article","og_title":"D\u00e9monstration climatique nationale du changement le 28 septembre 2019 \u00e0 Berne | Fluid Spirit | In der Wirklichkeit zu Hause","og_description":"\u00dcbersetzen \u00abSi tous les hommes cessent de manger des animaux et laissent leur lait aux animaux, la cause principale de la catastrophe climatique sera \u00e9limin\u00e9e. \u00bbDanielle H. Jolissaint, 29.09.2019 Hier, nous \u00e9tions \u00e0 la d\u00e9monstration nationale du changement climatique \u00e0 Berne. C&#8217;\u00e9tait unique de manifester pour notre climat avec environ 100&#8217;000 autres personnes juste avant [&hellip;]","og_url":"https:\/\/www.fluid-spirit.ch\/nationale-klima-demo-des-wandels-vom-28-september-2019-in-bern\/","og_site_name":"Fluid Spirit | In der Wirklichkeit zu Hause","article_published_time":"2023-08-18T19:48:12+00:00","article_modified_time":"2023-08-18T19:48:13+00:00","og_image":[{"width":1024,"height":577,"url":"https:\/\/www.fluid-spirit.ch\/wp-content\/uploads\/2019\/09\/nationale_klimademo_2019-09-28-1024x577.png","type":"image\/png"}],"author":"Danielle H. Jolissaint","twitter_card":"summary_large_image","twitter_misc":{"\u00c9crit par":"Danielle H. Jolissaint"},"schema":{"@context":"https:\/\/schema.org","@graph":[{"@type":"Article","@id":"https:\/\/www.fluid-spirit.ch\/nationale-klima-demo-des-wandels-vom-28-september-2019-in-bern\/#article","isPartOf":{"@id":"https:\/\/www.fluid-spirit.ch\/nationale-klima-demo-des-wandels-vom-28-september-2019-in-bern\/"},"author":{"name":"Danielle H. Jolissaint","@id":"https:\/\/www.fluid-spirit.ch\/#\/schema\/person\/ba1e5bc6308c54a0e911c79e844e9579"},"headline":"D\u00e9monstration climatique nationale du changement le 28 septembre 2019 \u00e0 Berne","datePublished":"2023-08-18T19:48:12+00:00","dateModified":"2023-08-18T19:48:13+00:00","mainEntityOfPage":{"@id":"https:\/\/www.fluid-spirit.ch\/nationale-klima-demo-des-wandels-vom-28-september-2019-in-bern\/"},"wordCount":105,"publisher":{"@id":"https:\/\/www.fluid-spirit.ch\/#organization"},"image":{"@id":"https:\/\/www.fluid-spirit.ch\/nationale-klima-demo-des-wandels-vom-28-september-2019-in-bern\/#primaryimage"},"thumbnailUrl":"https:\/\/www.fluid-spirit.ch\/wp-content\/uploads\/2019\/09\/nationale_klimademo_2019-09-28.png","keywords":["Berne","Climat","Conseil d'\u00c9tat","Conseil national","D\u00e9monstration climatique nationale","\u00c9lections","Vegan","V\u00e9ganisme"],"articleSection":["General","R\u00e9conciliation entre l'homme et l'animal"],"inLanguage":"fr-FR"},{"@type":"WebPage","@id":"https:\/\/www.fluid-spirit.ch\/nationale-klima-demo-des-wandels-vom-28-september-2019-in-bern\/","url":"https:\/\/www.fluid-spirit.ch\/nationale-klima-demo-des-wandels-vom-28-september-2019-in-bern\/","name":"D\u00e9monstration climatique nationale du changement le 28 septembre 2019 \u00e0 Berne | Fluid Spirit | In der Wirklichkeit zu Hause","isPartOf":{"@id":"https:\/\/www.fluid-spirit.ch\/#website"},"primaryImageOfPage":{"@id":"https:\/\/www.fluid-spirit.ch\/nationale-klima-demo-des-wandels-vom-28-september-2019-in-bern\/#primaryimage"},"image":{"@id":"https:\/\/www.fluid-spirit.ch\/nationale-klima-demo-des-wandels-vom-28-september-2019-in-bern\/#primaryimage"},"thumbnailUrl":"https:\/\/www.fluid-spirit.ch\/wp-content\/uploads\/2019\/09\/nationale_klimademo_2019-09-28.png","datePublished":"2023-08-18T19:48:12+00:00","dateModified":"2023-08-18T19:48:13+00:00","breadcrumb":{"@id":"https:\/\/www.fluid-spirit.ch\/nationale-klima-demo-des-wandels-vom-28-september-2019-in-bern\/#breadcrumb"},"inLanguage":"fr-FR","potentialAction":[{"@type":"ReadAction","target":["https:\/\/www.fluid-spirit.ch\/nationale-klima-demo-des-wandels-vom-28-september-2019-in-bern\/"]}]},{"@type":"ImageObject","inLanguage":"fr-FR","@id":"https:\/\/www.fluid-spirit.ch\/nationale-klima-demo-des-wandels-vom-28-september-2019-in-bern\/#primaryimage","url":"https:\/\/www.fluid-spirit.ch\/wp-content\/uploads\/2019\/09\/nationale_klimademo_2019-09-28.png","contentUrl":"https:\/\/www.fluid-spirit.ch\/wp-content\/uploads\/2019\/09\/nationale_klimademo_2019-09-28.png","width":1707,"height":962},{"@type":"BreadcrumbList","@id":"https:\/\/www.fluid-spirit.ch\/nationale-klima-demo-des-wandels-vom-28-september-2019-in-bern\/#breadcrumb","itemListElement":[{"@type":"ListItem","position":1,"name":"Startseite","item":"https:\/\/www.fluid-spirit.ch\/fr\/"},{"@type":"ListItem","position":2,"name":"D\u00e9monstration climatique nationale du changement le 28 septembre 2019 \u00e0 Berne"}]},{"@type":"WebSite","@id":"https:\/\/www.fluid-spirit.ch\/#website","url":"https:\/\/www.fluid-spirit.ch\/","name":"Fluid Spirit | In der Wirklichkeit zu Hause","description":"Ganzheitliche und spirituelle Entwicklung","publisher":{"@id":"https:\/\/www.fluid-spirit.ch\/#organization"},"potentialAction":[{"@type":"SearchAction","target":{"@type":"EntryPoint","urlTemplate":"https:\/\/www.fluid-spirit.ch\/?s={search_term_string}"},"query-input":{"@type":"PropertyValueSpecification","valueRequired":true,"valueName":"search_term_string"}}],"inLanguage":"fr-FR"},{"@type":"Organization","@id":"https:\/\/www.fluid-spirit.ch\/#organization","name":"Fluid Spirit | In der Wirklichkeit zu Hause","url":"https:\/\/www.fluid-spirit.ch\/","logo":{"@type":"ImageObject","inLanguage":"fr-FR","@id":"https:\/\/www.fluid-spirit.ch\/#\/schema\/logo\/image\/","url":"https:\/\/www.fluid-spirit.ch\/wp-content\/uploads\/2020\/09\/kunstkarte_herz_schlafzimmer_neu.jpg","contentUrl":"https:\/\/www.fluid-spirit.ch\/wp-content\/uploads\/2020\/09\/kunstkarte_herz_schlafzimmer_neu.jpg","width":1920,"height":1522,"caption":"Fluid Spirit | In der Wirklichkeit zu Hause"},"image":{"@id":"https:\/\/www.fluid-spirit.ch\/#\/schema\/logo\/image\/"},"sameAs":["https:\/\/www.youtube.com\/channel\/UCLp9T8eTxYZytG7s5RhKwnQ"]},{"@type":"Person","@id":"https:\/\/www.fluid-spirit.ch\/#\/schema\/person\/ba1e5bc6308c54a0e911c79e844e9579","name":"Danielle H. Jolissaint","image":{"@type":"ImageObject","inLanguage":"fr-FR","@id":"https:\/\/www.fluid-spirit.ch\/#\/schema\/person\/image\/","url":"https:\/\/secure.gravatar.com\/avatar\/98555a8573509b393be07b086d62dc09afc17f7b75f7df52b767e0330aa33ef3?s=96&d=mm&r=g","contentUrl":"https:\/\/secure.gravatar.com\/avatar\/98555a8573509b393be07b086d62dc09afc17f7b75f7df52b767e0330aa33ef3?s=96&d=mm&r=g","caption":"Danielle H. Jolissaint"},"sameAs":["http:\/\/www.fluid-spirit.ch"],"url":"https:\/\/www.fluid-spirit.ch\/fr\/author\/daniellejolissaint\/"}]}},"uagb_featured_image_src":{"full":["https:\/\/www.fluid-spirit.ch\/wp-content\/uploads\/2019\/09\/nationale_klimademo_2019-09-28.png",1707,962,false],"thumbnail":["https:\/\/www.fluid-spirit.ch\/wp-content\/uploads\/2019\/09\/nationale_klimademo_2019-09-28-300x300.png",300,300,true],"medium":["https:\/\/www.fluid-spirit.ch\/wp-content\/uploads\/2019\/09\/nationale_klimademo_2019-09-28-300x169.png",300,169,true],"medium_large":["https:\/\/www.fluid-spirit.ch\/wp-content\/uploads\/2019\/09\/nationale_klimademo_2019-09-28-768x433.png",768,433,true],"large":["https:\/\/www.fluid-spirit.ch\/wp-content\/uploads\/2019\/09\/nationale_klimademo_2019-09-28-1024x577.png",1024,577,true],"1536x1536":["https:\/\/www.fluid-spirit.ch\/wp-content\/uploads\/2019\/09\/nationale_klimademo_2019-09-28-1536x866.png",1536,866,true],"2048x2048":["https:\/\/www.fluid-spirit.ch\/wp-content\/uploads\/2019\/09\/nationale_klimademo_2019-09-28.png",1707,962,false]},"uagb_author_info":{"display_name":"Danielle H. Jolissaint","author_link":"https:\/\/www.fluid-spirit.ch\/fr\/author\/daniellejolissaint\/"},"uagb_comment_info":0,"uagb_excerpt":"\u00dcbersetzen \u00abSi tous les hommes cessent de manger des animaux et laissent leur lait aux animaux, la cause principale de la catastrophe climatique sera \u00e9limin\u00e9e. \u00bbDanielle H. Jolissaint, 29.09.2019 Hier, nous \u00e9tions \u00e0 la d\u00e9monstration nationale du changement climatique \u00e0 Berne. C&#8217;\u00e9tait unique de manifester pour notre climat avec environ 100&#8217;000 autres personnes juste avant\u2026","_links":{"self":[{"href":"https:\/\/www.fluid-spirit.ch\/fr\/wp-json\/wp\/v2\/posts\/146952","targetHints":{"allow":["GET"]}}],"collection":[{"href":"https:\/\/www.fluid-spirit.ch\/fr\/wp-json\/wp\/v2\/posts"}],"about":[{"href":"https:\/\/www.fluid-spirit.ch\/fr\/wp-json\/wp\/v2\/types\/post"}],"author":[{"embeddable":true,"href":"https:\/\/www.fluid-spirit.ch\/fr\/wp-json\/wp\/v2\/users\/4"}],"replies":[{"embeddable":true,"href":"https:\/\/www.fluid-spirit.ch\/fr\/wp-json\/wp\/v2\/comments?post=146952"}],"version-history":[{"count":1,"href":"https:\/\/www.fluid-spirit.ch\/fr\/wp-json\/wp\/v2\/posts\/146952\/revisions"}],"predecessor-version":[{"id":146954,"href":"https:\/\/www.fluid-spirit.ch\/fr\/wp-json\/wp\/v2\/posts\/146952\/revisions\/146954"}],"wp:featuredmedia":[{"embeddable":true,"href":"https:\/\/www.fluid-spirit.ch\/fr\/wp-json\/wp\/v2\/media\/146953"}],"wp:attachment":[{"href":"https:\/\/www.fluid-spirit.ch\/fr\/wp-json\/wp\/v2\/media?parent=146952"}],"wp:term":[{"taxonomy":"category","embeddable":true,"href":"https:\/\/www.fluid-spirit.ch\/fr\/wp-json\/wp\/v2\/categories?post=146952"},{"taxonomy":"post_tag","embeddable":true,"href":"https:\/\/www.fluid-spirit.ch\/fr\/wp-json\/wp\/v2\/tags?post=146952"}],"curies":[{"name":"wp","href":"https:\/\/api.w.org\/{rel}","templated":true}]}}