{"id":147010,"date":"2023-08-18T22:19:01","date_gmt":"2023-08-18T21:19:01","guid":{"rendered":"https:\/\/www.fluid-spirit.ch\/lettre-a-loccasion-de-la-fete-de-la-rose-de-lecole-darbres-de-reichenau-du-14-au-16-juin-2019\/"},"modified":"2023-08-18T22:19:01","modified_gmt":"2023-08-18T21:19:01","slug":"lettre-a-loccasion-de-la-fete-de-la-rose-de-lecole-darbres-de-reichenau-du-14-au-16-juin-2019","status":"publish","type":"post","link":"https:\/\/www.fluid-spirit.ch\/fr\/lettre-a-loccasion-de-la-fete-de-la-rose-de-lecole-darbres-de-reichenau-du-14-au-16-juin-2019\/","title":{"rendered":"Lettre \u00e0 l&#8217;occasion de la f\u00eate de la rose de l&#8217;\u00e9cole d&#8217;arbres de Reichenau du 14 au 16 juin 2019"},"content":{"rendered":"\n<p>Danielle H. Jolissaint a \u00e9crit une lettre \u00e0 l&#8217;organisateur \u00e0 l&#8217;occasion de sa visite \u00e0 la f\u00eate de la rose de l&#8217;\u00e9cole d&#8217;arbres de Reichenau, du 14 au 16 juin 2019. Il donne un aper\u00e7u de son exp\u00e9rience de la f\u00eate en tant que v\u00e9g\u00e9talienne.<\/p>\n\n<p><a href=\"https:\/\/www.fluid-spirit.ch\/wp-content\/uploads\/2020\/12\/rosenfest_14_bis_16_6_19_dj_postfach.pdf\" data-type=\"URL\" data-id=\"https:\/\/www.fluid-spirit.ch\/wp-content\/uploads\/2020\/12\/rosenfest_14_bis_16_6_19_dj_postfach.pdf\" target=\"_blank\" rel=\"noreferrer noopener\">T\u00e9l\u00e9charger la lettre au format PDF<\/a><\/p>\n\n<p>Isabella T. Kn\u00f6r, 17. August 2019<\/p>\n","protected":false},"excerpt":{"rendered":"<p>Danielle H. Jolissaint a \u00e9crit une lettre \u00e0 l&#8217;organisateur \u00e0 l&#8217;occasion de sa visite \u00e0 la f\u00eate de la rose de l&#8217;\u00e9cole d&#8217;arbres de Reichenau, du 14 au 16 juin 2019. Il donne un aper\u00e7u de son exp\u00e9rience de la f\u00eate en tant que v\u00e9g\u00e9talienne. T\u00e9l\u00e9charger la lettre au format PDF Isabella T. Kn\u00f6r, 17. [&hellip;]<\/p>\n","protected":false},"author":4,"featured_media":0,"comment_status":"closed","ping_status":"closed","sticky":false,"template":"","format":"standard","meta":{"_coblocks_attr":"","_coblocks_dimensions":"","_coblocks_responsive_height":"","_coblocks_accordion_ie_support":"","_uag_custom_page_level_css":"","site-sidebar-layout":"default","site-content-layout":"default","ast-site-content-layout":"default","site-content-style":"default","site-sidebar-style":"default","ast-global-header-display":"","ast-banner-title-visibility":"","ast-main-header-display":"","ast-hfb-above-header-display":"","ast-hfb-below-header-display":"","ast-hfb-mobile-header-display":"","site-post-title":"","ast-breadcrumbs-content":"","ast-featured-img":"","footer-sml-layout":"","theme-transparent-header-meta":"default","adv-header-id-meta":"","stick-header-meta":"default","header-above-stick-meta":"","header-main-stick-meta":"","header-below-stick-meta":"","astra-migrate-meta-layouts":"default","ast-page-background-enabled":"default","ast-page-background-meta":{"desktop":{"background-color":"","background-image":"","background-repeat":"repeat","background-position":"center center","background-size":"auto","background-attachment":"scroll","background-type":"","background-media":"","overlay-type":"","overlay-color":"","overlay-opacity":"","overlay-gradient":""},"tablet":{"background-color":"","background-image":"","background-repeat":"repeat","background-position":"center center","background-size":"auto","background-attachment":"scroll","background-type":"","background-media":"","overlay-type":"","overlay-color":"","overlay-opacity":"","overlay-gradient":""},"mobile":{"background-color":"","background-image":"","background-repeat":"repeat","background-position":"center center","background-size":"auto","background-attachment":"scroll","background-type":"","background-media":"","overlay-type":"","overlay-color":"","overlay-opacity":"","overlay-gradient":""}},"ast-content-background-meta":{"desktop":{"background-color":"var(--ast-global-color-5)","background-image":"","background-repeat":"repeat","background-position":"center center","background-size":"auto","background-attachment":"scroll","background-type":"","background-media":"","overlay-type":"","overlay-color":"","overlay-opacity":"","overlay-gradient":""},"tablet":{"background-color":"var(--ast-global-color-5)","background-image":"","background-repeat":"repeat","background-position":"center center","background-size":"auto","background-attachment":"scroll","background-type":"","background-media":"","overlay-type":"","overlay-color":"","overlay-opacity":"","overlay-gradient":""},"mobile":{"background-color":"var(--ast-global-color-5)","background-image":"","background-repeat":"repeat","background-position":"center center","background-size":"auto","background-attachment":"scroll","background-type":"","background-media":"","overlay-type":"","overlay-color":"","overlay-opacity":"","overlay-gradient":""}},"footnotes":""},"categories":[304,305],"tags":[533,532,530,531,342,337,362],"class_list":["post-147010","post","type-post","status-publish","format-standard","hentry","category-general-fr","category-reconciliation-of-humans-and-animals-fr","tag-fete-des-roses","tag-parfum-de-rose","tag-reichenau-fr","tag-rosiers","tag-vegan-fr","tag-veganisme","tag-viande"],"yoast_head":"<!-- This site is optimized with the Yoast SEO plugin v26.4 - https:\/\/yoast.com\/wordpress\/plugins\/seo\/ -->\r\n<title>Lettre \u00e0 l&#039;occasion de la f\u00eate de la rose de l&#039;\u00e9cole d&#039;arbres de Reichenau du 14 au 16 juin 2019 | Fluid Spirit | In der Wirklichkeit zu Hause<\/title>\r\n<meta name=\"robots\" content=\"index, follow, max-snippet:-1, max-image-preview:large, max-video-preview:-1\" \/>\r\n<link rel=\"canonical\" href=\"https:\/\/www.fluid-spirit.ch\/brief-anlaesslich-des-rosenfests-der-baumschule-reichenau-vom-14-16-juni-2019\/\" \/>\r\n<meta property=\"og:locale\" content=\"fr_FR\" \/>\r\n<meta property=\"og:type\" content=\"article\" \/>\r\n<meta property=\"og:title\" content=\"Lettre \u00e0 l&#039;occasion de la f\u00eate de la rose de l&#039;\u00e9cole d&#039;arbres de Reichenau du 14 au 16 juin 2019 | Fluid Spirit | In der Wirklichkeit zu Hause\" \/>\r\n<meta property=\"og:description\" content=\"Danielle H. Jolissaint a \u00e9crit une lettre \u00e0 l&#8217;organisateur \u00e0 l&#8217;occasion de sa visite \u00e0 la f\u00eate de la rose de l&#8217;\u00e9cole d&#8217;arbres de Reichenau, du 14 au 16 juin 2019. Il donne un aper\u00e7u de son exp\u00e9rience de la f\u00eate en tant que v\u00e9g\u00e9talienne. T\u00e9l\u00e9charger la lettre au format PDF Isabella T. Kn\u00f6r, 17. [&hellip;]\" \/>\r\n<meta property=\"og:url\" content=\"https:\/\/www.fluid-spirit.ch\/brief-anlaesslich-des-rosenfests-der-baumschule-reichenau-vom-14-16-juni-2019\/\" \/>\r\n<meta property=\"og:site_name\" content=\"Fluid Spirit | In der Wirklichkeit zu Hause\" \/>\r\n<meta property=\"article:published_time\" content=\"2023-08-18T21:19:01+00:00\" \/>\r\n<meta name=\"author\" content=\"Danielle H. Jolissaint\" \/>\r\n<meta name=\"twitter:card\" content=\"summary_large_image\" \/>\r\n<meta name=\"twitter:label1\" content=\"\u00c9crit par\" \/>\n\t<meta name=\"twitter:data1\" content=\"Danielle H. Jolissaint\" \/>\r\n<script type=\"application\/ld+json\" class=\"yoast-schema-graph\">{\"@context\":\"https:\/\/schema.org\",\"@graph\":[{\"@type\":\"Article\",\"@id\":\"https:\/\/www.fluid-spirit.ch\/brief-anlaesslich-des-rosenfests-der-baumschule-reichenau-vom-14-16-juni-2019\/#article\",\"isPartOf\":{\"@id\":\"https:\/\/www.fluid-spirit.ch\/brief-anlaesslich-des-rosenfests-der-baumschule-reichenau-vom-14-16-juni-2019\/\"},\"author\":{\"name\":\"Danielle H. Jolissaint\",\"@id\":\"https:\/\/www.fluid-spirit.ch\/#\/schema\/person\/ba1e5bc6308c54a0e911c79e844e9579\"},\"headline\":\"Lettre \u00e0 l&#8217;occasion de la f\u00eate de la rose de l&#8217;\u00e9cole d&#8217;arbres de Reichenau du 14 au 16 juin 2019\",\"datePublished\":\"2023-08-18T21:19:01+00:00\",\"mainEntityOfPage\":{\"@id\":\"https:\/\/www.fluid-spirit.ch\/brief-anlaesslich-des-rosenfests-der-baumschule-reichenau-vom-14-16-juni-2019\/\"},\"wordCount\":82,\"publisher\":{\"@id\":\"https:\/\/www.fluid-spirit.ch\/#organization\"},\"keywords\":[\"F\u00eate des roses\",\"Parfum de rose\",\"Reichenau\",\"Rosiers\",\"V\u00e9gan\",\"V\u00e9ganisme\",\"Viande\"],\"articleSection\":[\"General\",\"R\u00e9conciliation entre l'homme et l'animal\"],\"inLanguage\":\"fr-FR\"},{\"@type\":\"WebPage\",\"@id\":\"https:\/\/www.fluid-spirit.ch\/brief-anlaesslich-des-rosenfests-der-baumschule-reichenau-vom-14-16-juni-2019\/\",\"url\":\"https:\/\/www.fluid-spirit.ch\/brief-anlaesslich-des-rosenfests-der-baumschule-reichenau-vom-14-16-juni-2019\/\",\"name\":\"Lettre \u00e0 l'occasion de la f\u00eate de la rose de l'\u00e9cole d'arbres de Reichenau du 14 au 16 juin 2019 | Fluid Spirit | In der Wirklichkeit zu Hause\",\"isPartOf\":{\"@id\":\"https:\/\/www.fluid-spirit.ch\/#website\"},\"datePublished\":\"2023-08-18T21:19:01+00:00\",\"breadcrumb\":{\"@id\":\"https:\/\/www.fluid-spirit.ch\/brief-anlaesslich-des-rosenfests-der-baumschule-reichenau-vom-14-16-juni-2019\/#breadcrumb\"},\"inLanguage\":\"fr-FR\",\"potentialAction\":[{\"@type\":\"ReadAction\",\"target\":[\"https:\/\/www.fluid-spirit.ch\/brief-anlaesslich-des-rosenfests-der-baumschule-reichenau-vom-14-16-juni-2019\/\"]}]},{\"@type\":\"BreadcrumbList\",\"@id\":\"https:\/\/www.fluid-spirit.ch\/brief-anlaesslich-des-rosenfests-der-baumschule-reichenau-vom-14-16-juni-2019\/#breadcrumb\",\"itemListElement\":[{\"@type\":\"ListItem\",\"position\":1,\"name\":\"Startseite\",\"item\":\"https:\/\/www.fluid-spirit.ch\/fr\/\"},{\"@type\":\"ListItem\",\"position\":2,\"name\":\"Lettre \u00e0 l&#8217;occasion de la f\u00eate de la rose de l&#8217;\u00e9cole d&#8217;arbres de Reichenau du 14 au 16 juin 2019\"}]},{\"@type\":\"WebSite\",\"@id\":\"https:\/\/www.fluid-spirit.ch\/#website\",\"url\":\"https:\/\/www.fluid-spirit.ch\/\",\"name\":\"Fluid Spirit | In der Wirklichkeit zu Hause\",\"description\":\"Ganzheitliche und spirituelle Entwicklung\",\"publisher\":{\"@id\":\"https:\/\/www.fluid-spirit.ch\/#organization\"},\"potentialAction\":[{\"@type\":\"SearchAction\",\"target\":{\"@type\":\"EntryPoint\",\"urlTemplate\":\"https:\/\/www.fluid-spirit.ch\/?s={search_term_string}\"},\"query-input\":{\"@type\":\"PropertyValueSpecification\",\"valueRequired\":true,\"valueName\":\"search_term_string\"}}],\"inLanguage\":\"fr-FR\"},{\"@type\":\"Organization\",\"@id\":\"https:\/\/www.fluid-spirit.ch\/#organization\",\"name\":\"Fluid Spirit | In der Wirklichkeit zu Hause\",\"url\":\"https:\/\/www.fluid-spirit.ch\/\",\"logo\":{\"@type\":\"ImageObject\",\"inLanguage\":\"fr-FR\",\"@id\":\"https:\/\/www.fluid-spirit.ch\/#\/schema\/logo\/image\/\",\"url\":\"https:\/\/www.fluid-spirit.ch\/wp-content\/uploads\/2020\/09\/kunstkarte_herz_schlafzimmer_neu.jpg\",\"contentUrl\":\"https:\/\/www.fluid-spirit.ch\/wp-content\/uploads\/2020\/09\/kunstkarte_herz_schlafzimmer_neu.jpg\",\"width\":1920,\"height\":1522,\"caption\":\"Fluid Spirit | In der Wirklichkeit zu Hause\"},\"image\":{\"@id\":\"https:\/\/www.fluid-spirit.ch\/#\/schema\/logo\/image\/\"},\"sameAs\":[\"https:\/\/www.youtube.com\/channel\/UCLp9T8eTxYZytG7s5RhKwnQ\"]},{\"@type\":\"Person\",\"@id\":\"https:\/\/www.fluid-spirit.ch\/#\/schema\/person\/ba1e5bc6308c54a0e911c79e844e9579\",\"name\":\"Danielle H. Jolissaint\",\"image\":{\"@type\":\"ImageObject\",\"inLanguage\":\"fr-FR\",\"@id\":\"https:\/\/www.fluid-spirit.ch\/#\/schema\/person\/image\/\",\"url\":\"https:\/\/secure.gravatar.com\/avatar\/98555a8573509b393be07b086d62dc09afc17f7b75f7df52b767e0330aa33ef3?s=96&d=mm&r=g\",\"contentUrl\":\"https:\/\/secure.gravatar.com\/avatar\/98555a8573509b393be07b086d62dc09afc17f7b75f7df52b767e0330aa33ef3?s=96&d=mm&r=g\",\"caption\":\"Danielle H. Jolissaint\"},\"sameAs\":[\"http:\/\/www.fluid-spirit.ch\"],\"url\":\"https:\/\/www.fluid-spirit.ch\/fr\/author\/daniellejolissaint\/\"}]}<\/script>\r\n<!-- \/ Yoast SEO plugin. -->","yoast_head_json":{"title":"Lettre \u00e0 l'occasion de la f\u00eate de la rose de l'\u00e9cole d'arbres de Reichenau du 14 au 16 juin 2019 | Fluid Spirit | In der Wirklichkeit zu Hause","robots":{"index":"index","follow":"follow","max-snippet":"max-snippet:-1","max-image-preview":"max-image-preview:large","max-video-preview":"max-video-preview:-1"},"canonical":"https:\/\/www.fluid-spirit.ch\/brief-anlaesslich-des-rosenfests-der-baumschule-reichenau-vom-14-16-juni-2019\/","og_locale":"fr_FR","og_type":"article","og_title":"Lettre \u00e0 l'occasion de la f\u00eate de la rose de l'\u00e9cole d'arbres de Reichenau du 14 au 16 juin 2019 | Fluid Spirit | In der Wirklichkeit zu Hause","og_description":"Danielle H. Jolissaint a \u00e9crit une lettre \u00e0 l&#8217;organisateur \u00e0 l&#8217;occasion de sa visite \u00e0 la f\u00eate de la rose de l&#8217;\u00e9cole d&#8217;arbres de Reichenau, du 14 au 16 juin 2019. Il donne un aper\u00e7u de son exp\u00e9rience de la f\u00eate en tant que v\u00e9g\u00e9talienne. T\u00e9l\u00e9charger la lettre au format PDF Isabella T. Kn\u00f6r, 17. [&hellip;]","og_url":"https:\/\/www.fluid-spirit.ch\/brief-anlaesslich-des-rosenfests-der-baumschule-reichenau-vom-14-16-juni-2019\/","og_site_name":"Fluid Spirit | In der Wirklichkeit zu Hause","article_published_time":"2023-08-18T21:19:01+00:00","author":"Danielle H. Jolissaint","twitter_card":"summary_large_image","twitter_misc":{"\u00c9crit par":"Danielle H. Jolissaint"},"schema":{"@context":"https:\/\/schema.org","@graph":[{"@type":"Article","@id":"https:\/\/www.fluid-spirit.ch\/brief-anlaesslich-des-rosenfests-der-baumschule-reichenau-vom-14-16-juni-2019\/#article","isPartOf":{"@id":"https:\/\/www.fluid-spirit.ch\/brief-anlaesslich-des-rosenfests-der-baumschule-reichenau-vom-14-16-juni-2019\/"},"author":{"name":"Danielle H. Jolissaint","@id":"https:\/\/www.fluid-spirit.ch\/#\/schema\/person\/ba1e5bc6308c54a0e911c79e844e9579"},"headline":"Lettre \u00e0 l&#8217;occasion de la f\u00eate de la rose de l&#8217;\u00e9cole d&#8217;arbres de Reichenau du 14 au 16 juin 2019","datePublished":"2023-08-18T21:19:01+00:00","mainEntityOfPage":{"@id":"https:\/\/www.fluid-spirit.ch\/brief-anlaesslich-des-rosenfests-der-baumschule-reichenau-vom-14-16-juni-2019\/"},"wordCount":82,"publisher":{"@id":"https:\/\/www.fluid-spirit.ch\/#organization"},"keywords":["F\u00eate des roses","Parfum de rose","Reichenau","Rosiers","V\u00e9gan","V\u00e9ganisme","Viande"],"articleSection":["General","R\u00e9conciliation entre l'homme et l'animal"],"inLanguage":"fr-FR"},{"@type":"WebPage","@id":"https:\/\/www.fluid-spirit.ch\/brief-anlaesslich-des-rosenfests-der-baumschule-reichenau-vom-14-16-juni-2019\/","url":"https:\/\/www.fluid-spirit.ch\/brief-anlaesslich-des-rosenfests-der-baumschule-reichenau-vom-14-16-juni-2019\/","name":"Lettre \u00e0 l'occasion de la f\u00eate de la rose de l'\u00e9cole d'arbres de Reichenau du 14 au 16 juin 2019 | Fluid Spirit | In der Wirklichkeit zu Hause","isPartOf":{"@id":"https:\/\/www.fluid-spirit.ch\/#website"},"datePublished":"2023-08-18T21:19:01+00:00","breadcrumb":{"@id":"https:\/\/www.fluid-spirit.ch\/brief-anlaesslich-des-rosenfests-der-baumschule-reichenau-vom-14-16-juni-2019\/#breadcrumb"},"inLanguage":"fr-FR","potentialAction":[{"@type":"ReadAction","target":["https:\/\/www.fluid-spirit.ch\/brief-anlaesslich-des-rosenfests-der-baumschule-reichenau-vom-14-16-juni-2019\/"]}]},{"@type":"BreadcrumbList","@id":"https:\/\/www.fluid-spirit.ch\/brief-anlaesslich-des-rosenfests-der-baumschule-reichenau-vom-14-16-juni-2019\/#breadcrumb","itemListElement":[{"@type":"ListItem","position":1,"name":"Startseite","item":"https:\/\/www.fluid-spirit.ch\/fr\/"},{"@type":"ListItem","position":2,"name":"Lettre \u00e0 l&#8217;occasion de la f\u00eate de la rose de l&#8217;\u00e9cole d&#8217;arbres de Reichenau du 14 au 16 juin 2019"}]},{"@type":"WebSite","@id":"https:\/\/www.fluid-spirit.ch\/#website","url":"https:\/\/www.fluid-spirit.ch\/","name":"Fluid Spirit | In der Wirklichkeit zu Hause","description":"Ganzheitliche und spirituelle Entwicklung","publisher":{"@id":"https:\/\/www.fluid-spirit.ch\/#organization"},"potentialAction":[{"@type":"SearchAction","target":{"@type":"EntryPoint","urlTemplate":"https:\/\/www.fluid-spirit.ch\/?s={search_term_string}"},"query-input":{"@type":"PropertyValueSpecification","valueRequired":true,"valueName":"search_term_string"}}],"inLanguage":"fr-FR"},{"@type":"Organization","@id":"https:\/\/www.fluid-spirit.ch\/#organization","name":"Fluid Spirit | In der Wirklichkeit zu Hause","url":"https:\/\/www.fluid-spirit.ch\/","logo":{"@type":"ImageObject","inLanguage":"fr-FR","@id":"https:\/\/www.fluid-spirit.ch\/#\/schema\/logo\/image\/","url":"https:\/\/www.fluid-spirit.ch\/wp-content\/uploads\/2020\/09\/kunstkarte_herz_schlafzimmer_neu.jpg","contentUrl":"https:\/\/www.fluid-spirit.ch\/wp-content\/uploads\/2020\/09\/kunstkarte_herz_schlafzimmer_neu.jpg","width":1920,"height":1522,"caption":"Fluid Spirit | In der Wirklichkeit zu Hause"},"image":{"@id":"https:\/\/www.fluid-spirit.ch\/#\/schema\/logo\/image\/"},"sameAs":["https:\/\/www.youtube.com\/channel\/UCLp9T8eTxYZytG7s5RhKwnQ"]},{"@type":"Person","@id":"https:\/\/www.fluid-spirit.ch\/#\/schema\/person\/ba1e5bc6308c54a0e911c79e844e9579","name":"Danielle H. Jolissaint","image":{"@type":"ImageObject","inLanguage":"fr-FR","@id":"https:\/\/www.fluid-spirit.ch\/#\/schema\/person\/image\/","url":"https:\/\/secure.gravatar.com\/avatar\/98555a8573509b393be07b086d62dc09afc17f7b75f7df52b767e0330aa33ef3?s=96&d=mm&r=g","contentUrl":"https:\/\/secure.gravatar.com\/avatar\/98555a8573509b393be07b086d62dc09afc17f7b75f7df52b767e0330aa33ef3?s=96&d=mm&r=g","caption":"Danielle H. Jolissaint"},"sameAs":["http:\/\/www.fluid-spirit.ch"],"url":"https:\/\/www.fluid-spirit.ch\/fr\/author\/daniellejolissaint\/"}]}},"uagb_featured_image_src":{"full":false,"thumbnail":false,"medium":false,"medium_large":false,"large":false,"1536x1536":false,"2048x2048":false},"uagb_author_info":{"display_name":"Danielle H. Jolissaint","author_link":"https:\/\/www.fluid-spirit.ch\/fr\/author\/daniellejolissaint\/"},"uagb_comment_info":0,"uagb_excerpt":"Danielle H. Jolissaint a \u00e9crit une lettre \u00e0 l&#8217;organisateur \u00e0 l&#8217;occasion de sa visite \u00e0 la f\u00eate de la rose de l&#8217;\u00e9cole d&#8217;arbres de Reichenau, du 14 au 16 juin 2019. Il donne un aper\u00e7u de son exp\u00e9rience de la f\u00eate en tant que v\u00e9g\u00e9talienne. T\u00e9l\u00e9charger la lettre au format PDF Isabella T. Kn\u00f6r, 17.\u2026","_links":{"self":[{"href":"https:\/\/www.fluid-spirit.ch\/fr\/wp-json\/wp\/v2\/posts\/147010","targetHints":{"allow":["GET"]}}],"collection":[{"href":"https:\/\/www.fluid-spirit.ch\/fr\/wp-json\/wp\/v2\/posts"}],"about":[{"href":"https:\/\/www.fluid-spirit.ch\/fr\/wp-json\/wp\/v2\/types\/post"}],"author":[{"embeddable":true,"href":"https:\/\/www.fluid-spirit.ch\/fr\/wp-json\/wp\/v2\/users\/4"}],"replies":[{"embeddable":true,"href":"https:\/\/www.fluid-spirit.ch\/fr\/wp-json\/wp\/v2\/comments?post=147010"}],"version-history":[{"count":1,"href":"https:\/\/www.fluid-spirit.ch\/fr\/wp-json\/wp\/v2\/posts\/147010\/revisions"}],"predecessor-version":[{"id":147011,"href":"https:\/\/www.fluid-spirit.ch\/fr\/wp-json\/wp\/v2\/posts\/147010\/revisions\/147011"}],"wp:attachment":[{"href":"https:\/\/www.fluid-spirit.ch\/fr\/wp-json\/wp\/v2\/media?parent=147010"}],"wp:term":[{"taxonomy":"category","embeddable":true,"href":"https:\/\/www.fluid-spirit.ch\/fr\/wp-json\/wp\/v2\/categories?post=147010"},{"taxonomy":"post_tag","embeddable":true,"href":"https:\/\/www.fluid-spirit.ch\/fr\/wp-json\/wp\/v2\/tags?post=147010"}],"curies":[{"name":"wp","href":"https:\/\/api.w.org\/{rel}","templated":true}]}}